{"id":2469,"date":"2025-01-31T15:59:05","date_gmt":"2025-01-31T14:59:05","guid":{"rendered":"https:\/\/olplus.fr\/blogs\/?p=2469"},"modified":"2025-02-03T06:14:14","modified_gmt":"2025-02-03T05:14:14","slug":"sondage-staff-51-janvier-2025","status":"publish","type":"post","link":"https:\/\/olplus.fr\/blogs\/?p=2469","title":{"rendered":"Sondage Staff #51 (janvier 2025)"},"content":{"rendered":"\n<hr class=\"wp-block-separator has-alpha-channel-opacity\"\/>\n\n\n\n<p class=\"wp-block-paragraph\">CE SONDAGE EST D\u00c9SORMAIS TERMIN\u00c9. MERCI \u00c0 TOUS CEUX QUI ONT VOT\u00c9.<\/p>\n\n\n\n<hr class=\"wp-block-separator has-alpha-channel-opacity\"\/>\n\n\n\n<p class=\"wp-block-paragraph\">Suite au changement d&rsquo;entra\u00eeneur officialis\u00e9 ce vendredi, nous revenons vers vous pour une r\u00e9actualisation de notre traditionnel Sondage Staff OL.<\/p>\n\n\n\n<p class=\"wp-block-paragraph\">\u00c0 chaud, avant le premier match sous la direction du nouvel entra\u00eeneur, quelle opinion avez-vous des principaux responsables du club et de l\u2019\u00e9quipe pro masculine lyonnaise ? Vous pouvez aussi redonner votre avis sur ceux qui viennent de quitter le club.<\/p>\n\n\n\n<p class=\"wp-block-paragraph\">Merci de r\u00e9pondre pour chaque personnage, quitte \u00e0 cocher la case \u00ab sans opinion \u00bb pour ceux que vous estimez ne pas conna\u00eetre encore suffisamment.<\/p>\n\n\n\n<p class=\"wp-block-paragraph\">N\u2019oubliez pas de cliquer sur le bouton \u00ab vote \u00bb pour valider chacune de vos r\u00e9ponses.<\/p>\n\n\n\n<p class=\"wp-block-paragraph\">Comme d&rsquo;habitude, il sera int\u00e9ressant de comparer avec les r\u00e9sultats des pr\u00e9c\u00e9dents sondages staff, r\u00e9guli\u00e8rement effectu\u00e9s par OLPlus depuis 2001.<\/p>\n\n\n\n<p class=\"wp-block-paragraph\">\u2014\u2014\u2014\u2014\u2014\u2014\u2014\u2014\u2014\u2014\u2014\u2014\u2014\u2014\u2014\u2014\u2014\u2014<br><strong>1\u00c8RE PARTIE : DIRIGEANTS<\/strong><br>\u2014\u2014\u2014\u2014\u2014\u2014\u2014\u2014\u2014\u2014\u2014\u2014\u2014\u2014\u2014\u2014\u2014\u2014<\/p>\n\n\n\n<p class=\"wp-block-paragraph\">Quelle opinion avez vous de <strong>John TEXTOR<\/strong>, Pr\u00e9sident de l\u2019OL ?<\/p>\n\n\n<div class=\"yop-poll-container\" data-yop-poll-id=\"349\"><script type=\"application\/json\" data-yop-poll-init>{\"poll\":{\"id\":\"349\",\"name\":\"Staff51#01_Textor\",\"template\":\"1\",\"template_base\":\"basic\",\"skin_base\":\"orange-def\",\"status\":\"published\",\"meta_data\":{\"style\":{\"poll\":{\"backgroundColor\":\"#ffffff\",\"borderSize\":1,\"borderColor\":\"#000000\",\"borderRadius\":0,\"paddingLeftRight\":0,\"paddingTopBottom\":0,\"borderStyle\":\"solid\"},\"questions\":{\"textColor\":\"#000000\",\"textSize\":16,\"textWeight\":\"normal\",\"textAlign\":\"left\"},\"answers\":{\"paddingLeftRight\":0,\"paddingTopBottom\":0,\"textColor\":\"#000000\",\"textSize\":14,\"textWeight\":\"normal\",\"skin\":\"minimal\",\"colorScheme\":\"black\"},\"buttons\":{\"backgroundColor\":\"#ee7600\",\"borderSize\":0,\"borderColor\":\"#000000\",\"borderRadius\":0,\"paddingLeftRight\":10,\"paddingTopBottom\":5,\"textColor\":\"#ffffff\",\"textSize\":14,\"textWeight\":\"normal\"},\"captcha\":[],\"errors\":{\"borderLeftColorForSuccess\":\"#0000ff\",\"borderLeftColorForError\":\"#ff0000\",\"borderLeftSize\":10,\"paddingTopBottom\":0,\"textColor\":\"#000000\",\"textSize\":14,\"textWeight\":\"normal\"},\"custom\":{\"css\":\"\"}},\"options\":{\"poll\":{\"voteButtonLabel\":\"Vote\",\"showResultsLink\":\"no\",\"resultsLabelText\":\"Results\",\"showTotalVotes\":\"no\",\"showTotalAnswers\":\"no\",\"startDateOption\":\"now\",\"startDateCustom\":\"\",\"endDateOption\":\"custom\",\"endDateCustom\":\"2025-02-02 21:00\",\"redirectAfterVote\":\"no\",\"redirectUrl\":\"\",\"redirectAfter\":\"\",\"pageLink\":\"\",\"useCaptcha\":\"no\",\"enableGdpr\":\"no\",\"gdprSolution\":\"ask_consent\",\"gdprConsentText\":\"\",\"loadWithAjax\":\"no\",\"notificationMessageLocation\":\"top\"},\"results\":{\"showResultsMoment\":[\"after-vote\"],\"customDateResults\":\"\",\"showResultsTo\":[\"guest\"],\"resultsDetails\":[\"votes-number\",\"percentages\"],\"backToVoteOption\":\"no\",\"backToVoteCaption\":\"Retour\",\"sortResults\":\"as-defined\",\"sortResultsRule\":\"desc\",\"displayResultsAs\":\"bar\"},\"access\":{\"votePermissions\":[\"guest\"]}}},\"total_submits\":\"117\",\"total_submited_answers\":\"117\"},\"elements\":[{\"id\":\"463\",\"poll_id\":\"349\",\"etext\":\"Quelle opinion avez-vous de John Textor ?\",\"etype\":\"question-text\",\"status\":\"active\",\"sorder\":\"1\",\"meta_data\":{\"allowOtherAnswers\":\"no\",\"otherAnswersLabel\":\"Other\",\"addOtherAnswers\":\"no\",\"displayOtherAnswersInResults\":\"no\",\"resultsColorForOtherAnswers\":\"#000000\",\"allowMultipleAnswers\":\"no\",\"multipleAnswersMinim\":\"1\",\"multipleAnswersMaxim\":\"1\",\"answersDisplay\":\"vertical\",\"answersColumns\":\"3\",\"answersSort\":\"as-defined\"},\"subelements\":[{\"id\":\"12364\",\"poll_id\":\"349\",\"element_id\":\"463\",\"stext\":\"Tr\\u00e8s Bonne\",\"stype\":\"text\",\"status\":\"active\",\"sorder\":\"1\",\"meta_data\":{\"makeDefault\":\"0\",\"makeLink\":\"0\",\"link\":\"\",\"resultsColor\":\"#000000\"},\"total_submits\":\"2\"},{\"id\":\"12365\",\"poll_id\":\"349\",\"element_id\":\"463\",\"stext\":\"Assez Bonne\",\"stype\":\"text\",\"status\":\"active\",\"sorder\":\"2\",\"meta_data\":{\"makeDefault\":\"0\",\"makeLink\":\"0\",\"link\":\"\",\"resultsColor\":\"#000000\"},\"total_submits\":\"14\"},{\"id\":\"12366\",\"poll_id\":\"349\",\"element_id\":\"463\",\"stext\":\"Moyenne, Mitig\\u00e9e\",\"stype\":\"text\",\"status\":\"active\",\"sorder\":\"3\",\"meta_data\":{\"makeDefault\":\"0\",\"makeLink\":\"0\",\"link\":\"\",\"resultsColor\":\"#000000\"},\"total_submits\":\"37\"},{\"id\":\"12367\",\"poll_id\":\"349\",\"element_id\":\"463\",\"stext\":\"Assez Mauvaise\",\"stype\":\"text\",\"status\":\"active\",\"sorder\":\"4\",\"meta_data\":{\"makeDefault\":\"0\",\"makeLink\":\"0\",\"link\":\"\",\"resultsColor\":\"#000000\"},\"total_submits\":\"36\"},{\"id\":\"12368\",\"poll_id\":\"349\",\"element_id\":\"463\",\"stext\":\"Tr\\u00e8s Mauvaise\",\"stype\":\"text\",\"status\":\"active\",\"sorder\":\"5\",\"meta_data\":{\"makeDefault\":\"0\",\"makeLink\":\"0\",\"link\":\"\",\"resultsColor\":\"#000000\"},\"total_submits\":\"27\"},{\"id\":\"12369\",\"poll_id\":\"349\",\"element_id\":\"463\",\"stext\":\"Sans Opinion\",\"stype\":\"text\",\"status\":\"active\",\"sorder\":\"6\",\"meta_data\":{\"makeDefault\":\"0\",\"makeLink\":\"0\",\"link\":\"\",\"resultsColor\":\"#000000\"},\"total_submits\":\"1\"}]}],\"total_submits\":117,\"messages\":{\"voting\":{\"too-many-chars-for-custom-field\":\"Text for {custom_field_name} is too long\"}},\"date_format\":\"j F Y\",\"nonce\":\"07c3e07c7b\",\"page_id\":0,\"tracking_id\":\"https:\\\/\\\/olplus.fr\\\/blogs\"}<\/script><\/div>\n\n\n\n<p class=\"wp-block-paragraph\">\u2014\u2014\u2014\u2014\u2014\u2014\u2014\u2014\u2014\u2014\u2014\u2014\u2014\u2014\u2014\u2014\u2014\u2014\u2013<\/p>\n\n\n\n<p class=\"wp-block-paragraph\">Quelle opinion avez-vous de <strong>Laurent PRUD\u2019HOMME<\/strong>, Directeur G\u00e9n\u00e9ral de l\u2019OL ?<\/p>\n\n\n<div class=\"yop-poll-container\" data-yop-poll-id=\"350\"><script type=\"application\/json\" data-yop-poll-init>{\"poll\":{\"id\":\"350\",\"name\":\"Staff51#02_Prudhomme\",\"template\":\"1\",\"template_base\":\"basic\",\"skin_base\":\"orange-def\",\"status\":\"published\",\"meta_data\":{\"style\":{\"poll\":{\"backgroundColor\":\"#ffffff\",\"borderSize\":1,\"borderColor\":\"#000000\",\"borderRadius\":0,\"paddingLeftRight\":0,\"paddingTopBottom\":0,\"borderStyle\":\"solid\"},\"questions\":{\"textColor\":\"#000000\",\"textSize\":16,\"textWeight\":\"normal\",\"textAlign\":\"left\"},\"answers\":{\"paddingLeftRight\":0,\"paddingTopBottom\":0,\"textColor\":\"#000000\",\"textSize\":14,\"textWeight\":\"normal\",\"skin\":\"minimal\",\"colorScheme\":\"black\"},\"buttons\":{\"backgroundColor\":\"#ee7600\",\"borderSize\":0,\"borderColor\":\"#000000\",\"borderRadius\":0,\"paddingLeftRight\":10,\"paddingTopBottom\":5,\"textColor\":\"#ffffff\",\"textSize\":14,\"textWeight\":\"normal\"},\"captcha\":[],\"errors\":{\"borderLeftColorForSuccess\":\"#0000ff\",\"borderLeftColorForError\":\"#ff0000\",\"borderLeftSize\":10,\"paddingTopBottom\":0,\"textColor\":\"#000000\",\"textSize\":14,\"textWeight\":\"normal\"},\"custom\":{\"css\":\"\"}},\"options\":{\"poll\":{\"voteButtonLabel\":\"Vote\",\"showResultsLink\":\"no\",\"resultsLabelText\":\"Results\",\"showTotalVotes\":\"no\",\"showTotalAnswers\":\"no\",\"startDateOption\":\"now\",\"startDateCustom\":\"\",\"endDateOption\":\"custom\",\"endDateCustom\":\"2025-02-02 21:00\",\"redirectAfterVote\":\"no\",\"redirectUrl\":\"\",\"redirectAfter\":\"\",\"pageLink\":\"\",\"useCaptcha\":\"no\",\"enableGdpr\":\"no\",\"gdprSolution\":\"ask_consent\",\"gdprConsentText\":\"\",\"loadWithAjax\":\"no\",\"notificationMessageLocation\":\"top\"},\"results\":{\"showResultsMoment\":[\"after-vote\"],\"customDateResults\":\"\",\"showResultsTo\":[\"guest\"],\"resultsDetails\":[\"votes-number\",\"percentages\"],\"backToVoteOption\":\"no\",\"backToVoteCaption\":\"Back to vote\",\"sortResults\":\"as-defined\",\"sortResultsRule\":\"desc\",\"displayResultsAs\":\"bar\"},\"access\":{\"votePermissions\":[\"guest\"]}}},\"total_submits\":\"115\",\"total_submited_answers\":\"115\"},\"elements\":[{\"id\":\"465\",\"poll_id\":\"350\",\"etext\":\"Quelle opinion avez-vous de Laurent Prud'homme ?\",\"etype\":\"question-text\",\"status\":\"active\",\"sorder\":\"1\",\"meta_data\":{\"allowOtherAnswers\":\"no\",\"otherAnswersLabel\":\"Other\",\"addOtherAnswers\":\"no\",\"displayOtherAnswersInResults\":\"no\",\"resultsColorForOtherAnswers\":\"#000000\",\"allowMultipleAnswers\":\"no\",\"multipleAnswersMinim\":\"1\",\"multipleAnswersMaxim\":\"1\",\"answersDisplay\":\"vertical\",\"answersColumns\":\"3\",\"answersSort\":\"as-defined\"},\"subelements\":[{\"id\":\"12370\",\"poll_id\":\"350\",\"element_id\":\"465\",\"stext\":\"Tr\\u00e8s Bonne\",\"stype\":\"text\",\"status\":\"active\",\"sorder\":\"1\",\"meta_data\":{\"makeDefault\":\"0\",\"makeLink\":\"0\",\"link\":\"\",\"resultsColor\":\"#000000\"},\"total_submits\":\"8\"},{\"id\":\"12371\",\"poll_id\":\"350\",\"element_id\":\"465\",\"stext\":\"Assez Bonne\",\"stype\":\"text\",\"status\":\"active\",\"sorder\":\"2\",\"meta_data\":{\"makeDefault\":\"0\",\"makeLink\":\"0\",\"link\":\"\",\"resultsColor\":\"#000000\"},\"total_submits\":\"44\"},{\"id\":\"12372\",\"poll_id\":\"350\",\"element_id\":\"465\",\"stext\":\"Moyenne, Mitig\\u00e9e\",\"stype\":\"text\",\"status\":\"active\",\"sorder\":\"3\",\"meta_data\":{\"makeDefault\":\"0\",\"makeLink\":\"0\",\"link\":\"\",\"resultsColor\":\"#000000\"},\"total_submits\":\"34\"},{\"id\":\"12373\",\"poll_id\":\"350\",\"element_id\":\"465\",\"stext\":\"Assez Mauvaise\",\"stype\":\"text\",\"status\":\"active\",\"sorder\":\"4\",\"meta_data\":{\"makeDefault\":\"0\",\"makeLink\":\"0\",\"link\":\"\",\"resultsColor\":\"#000000\"},\"total_submits\":\"14\"},{\"id\":\"12374\",\"poll_id\":\"350\",\"element_id\":\"465\",\"stext\":\"Tr\\u00e8s Mauvaise\",\"stype\":\"text\",\"status\":\"active\",\"sorder\":\"5\",\"meta_data\":{\"makeDefault\":\"0\",\"makeLink\":\"0\",\"link\":\"\",\"resultsColor\":\"#000000\"},\"total_submits\":\"7\"},{\"id\":\"12375\",\"poll_id\":\"350\",\"element_id\":\"465\",\"stext\":\"Sans Opinion\",\"stype\":\"text\",\"status\":\"active\",\"sorder\":\"6\",\"meta_data\":{\"makeDefault\":\"0\",\"makeLink\":\"0\",\"link\":\"\",\"resultsColor\":\"#000000\"},\"total_submits\":\"8\"}]}],\"total_submits\":115,\"messages\":{\"voting\":{\"too-many-chars-for-custom-field\":\"Text for {custom_field_name} is too long\"}},\"date_format\":\"j F Y\",\"nonce\":\"fe82356d1d\",\"page_id\":0,\"tracking_id\":\"https:\\\/\\\/olplus.fr\\\/blogs\"}<\/script><\/div>\n\n\n\n<p class=\"wp-block-paragraph\">\u2014\u2014\u2014\u2014\u2014\u2014\u2014\u2014\u2014\u2014\u2014\u2014\u2014\u2014\u2014\u2014\u2014\u2014\u2013<\/p>\n\n\n\n<p class=\"wp-block-paragraph\">Quelle opinion avez-vous de <strong>Matthieu LOUIS-JEAN<\/strong>, Directeur Technique de l\u2019OL ?<\/p>\n\n\n<div class=\"yop-poll-container\" data-yop-poll-id=\"351\"><script type=\"application\/json\" data-yop-poll-init>{\"poll\":{\"id\":\"351\",\"name\":\"Staff51#03_LouisJean\",\"template\":\"1\",\"template_base\":\"basic\",\"skin_base\":\"orange-def\",\"status\":\"published\",\"meta_data\":{\"style\":{\"poll\":{\"backgroundColor\":\"#ffffff\",\"borderSize\":1,\"borderColor\":\"#000000\",\"borderRadius\":0,\"paddingLeftRight\":0,\"paddingTopBottom\":0,\"borderStyle\":\"solid\"},\"questions\":{\"textColor\":\"#000000\",\"textSize\":16,\"textWeight\":\"normal\",\"textAlign\":\"left\"},\"answers\":{\"paddingLeftRight\":0,\"paddingTopBottom\":0,\"textColor\":\"#000000\",\"textSize\":14,\"textWeight\":\"normal\",\"skin\":\"minimal\",\"colorScheme\":\"black\"},\"buttons\":{\"backgroundColor\":\"#ee7600\",\"borderSize\":0,\"borderColor\":\"#000000\",\"borderRadius\":0,\"paddingLeftRight\":10,\"paddingTopBottom\":5,\"textColor\":\"#ffffff\",\"textSize\":14,\"textWeight\":\"normal\"},\"captcha\":[],\"errors\":{\"borderLeftColorForSuccess\":\"#0000ff\",\"borderLeftColorForError\":\"#ff0000\",\"borderLeftSize\":10,\"paddingTopBottom\":0,\"textColor\":\"#000000\",\"textSize\":14,\"textWeight\":\"normal\"},\"custom\":{\"css\":\"\"}},\"options\":{\"poll\":{\"voteButtonLabel\":\"Vote\",\"showResultsLink\":\"no\",\"resultsLabelText\":\"Results\",\"showTotalVotes\":\"no\",\"showTotalAnswers\":\"no\",\"startDateOption\":\"now\",\"startDateCustom\":\"\",\"endDateOption\":\"custom\",\"endDateCustom\":\"2025-02-02 21:00\",\"redirectAfterVote\":\"no\",\"redirectUrl\":\"\",\"redirectAfter\":\"\",\"pageLink\":\"\",\"useCaptcha\":\"no\",\"enableGdpr\":\"no\",\"gdprSolution\":\"ask_consent\",\"gdprConsentText\":\"\",\"loadWithAjax\":\"no\",\"notificationMessageLocation\":\"top\"},\"results\":{\"showResultsMoment\":[\"after-vote\"],\"customDateResults\":\"\",\"showResultsTo\":[\"guest\"],\"resultsDetails\":[\"votes-number\",\"percentages\"],\"backToVoteOption\":\"no\",\"backToVoteCaption\":\"Retour\",\"sortResults\":\"as-defined\",\"sortResultsRule\":\"desc\",\"displayResultsAs\":\"bar\"},\"access\":{\"votePermissions\":[\"guest\"]}}},\"total_submits\":\"113\",\"total_submited_answers\":\"113\"},\"elements\":[{\"id\":\"467\",\"poll_id\":\"351\",\"etext\":\"Quelle opinion avez-vous de Matthieu Louis-Jean ?\",\"etype\":\"question-text\",\"status\":\"active\",\"sorder\":\"1\",\"meta_data\":{\"allowOtherAnswers\":\"no\",\"otherAnswersLabel\":\"Other\",\"addOtherAnswers\":\"no\",\"displayOtherAnswersInResults\":\"no\",\"resultsColorForOtherAnswers\":\"#000000\",\"allowMultipleAnswers\":\"no\",\"multipleAnswersMinim\":\"1\",\"multipleAnswersMaxim\":\"1\",\"answersDisplay\":\"vertical\",\"answersColumns\":\"3\",\"answersSort\":\"as-defined\"},\"subelements\":[{\"id\":\"12376\",\"poll_id\":\"351\",\"element_id\":\"467\",\"stext\":\"Tr\\u00e8s Bonne\",\"stype\":\"text\",\"status\":\"active\",\"sorder\":\"1\",\"meta_data\":{\"makeDefault\":\"0\",\"makeLink\":\"0\",\"link\":\"\",\"resultsColor\":\"#000000\"},\"total_submits\":\"20\"},{\"id\":\"12377\",\"poll_id\":\"351\",\"element_id\":\"467\",\"stext\":\"Assez Bonne\",\"stype\":\"text\",\"status\":\"active\",\"sorder\":\"2\",\"meta_data\":{\"makeDefault\":\"0\",\"makeLink\":\"0\",\"link\":\"\",\"resultsColor\":\"#000000\"},\"total_submits\":\"42\"},{\"id\":\"12378\",\"poll_id\":\"351\",\"element_id\":\"467\",\"stext\":\"Moyenne, Mitig\\u00e9e\",\"stype\":\"text\",\"status\":\"active\",\"sorder\":\"3\",\"meta_data\":{\"makeDefault\":\"0\",\"makeLink\":\"0\",\"link\":\"\",\"resultsColor\":\"#000000\"},\"total_submits\":\"32\"},{\"id\":\"12379\",\"poll_id\":\"351\",\"element_id\":\"467\",\"stext\":\"Assez Mauvaise\",\"stype\":\"text\",\"status\":\"active\",\"sorder\":\"4\",\"meta_data\":{\"makeDefault\":\"0\",\"makeLink\":\"0\",\"link\":\"\",\"resultsColor\":\"#000000\"},\"total_submits\":\"6\"},{\"id\":\"12380\",\"poll_id\":\"351\",\"element_id\":\"467\",\"stext\":\"Tr\\u00e8s Mauvaise\",\"stype\":\"text\",\"status\":\"active\",\"sorder\":\"5\",\"meta_data\":{\"makeDefault\":\"0\",\"makeLink\":\"0\",\"link\":\"\",\"resultsColor\":\"#000000\"},\"total_submits\":\"3\"},{\"id\":\"12381\",\"poll_id\":\"351\",\"element_id\":\"467\",\"stext\":\"Sans Opinion\",\"stype\":\"text\",\"status\":\"active\",\"sorder\":\"6\",\"meta_data\":{\"makeDefault\":\"0\",\"makeLink\":\"0\",\"link\":\"\",\"resultsColor\":\"#000000\"},\"total_submits\":\"10\"}]}],\"total_submits\":113,\"messages\":{\"voting\":{\"too-many-chars-for-custom-field\":\"Text for {custom_field_name} is too long\"}},\"date_format\":\"j F Y\",\"nonce\":\"785627504d\",\"page_id\":0,\"tracking_id\":\"https:\\\/\\\/olplus.fr\\\/blogs\"}<\/script><\/div>\n\n\n\n<p class=\"wp-block-paragraph\">\u2014\u2014\u2014\u2014\u2014\u2014\u2014\u2014\u2014\u2014\u2014\u2014\u2014\u2014\u2014\u2014\u2014\u2014\u2013<\/p>\n\n\n\n<p class=\"wp-block-paragraph\">Quelle opinion avez-vous de <strong>Benjamin CHARIER<\/strong>, Responsable de la Cellule du Recrutement de l\u2019OL ?<\/p>\n\n\n<div class=\"yop-poll-container\" data-yop-poll-id=\"352\"><script type=\"application\/json\" data-yop-poll-init>{\"poll\":{\"id\":\"352\",\"name\":\"Staff51#04_Charier\",\"template\":\"1\",\"template_base\":\"basic\",\"skin_base\":\"orange-def\",\"status\":\"published\",\"meta_data\":{\"style\":{\"poll\":{\"backgroundColor\":\"#ffffff\",\"borderSize\":1,\"borderColor\":\"#000000\",\"borderRadius\":0,\"paddingLeftRight\":0,\"paddingTopBottom\":0,\"borderStyle\":\"solid\"},\"questions\":{\"textColor\":\"#000000\",\"textSize\":16,\"textWeight\":\"normal\",\"textAlign\":\"left\"},\"answers\":{\"paddingLeftRight\":0,\"paddingTopBottom\":0,\"textColor\":\"#000000\",\"textSize\":14,\"textWeight\":\"normal\",\"skin\":\"minimal\",\"colorScheme\":\"black\"},\"buttons\":{\"backgroundColor\":\"#ee7600\",\"borderSize\":0,\"borderColor\":\"#000000\",\"borderRadius\":0,\"paddingLeftRight\":10,\"paddingTopBottom\":5,\"textColor\":\"#ffffff\",\"textSize\":14,\"textWeight\":\"normal\"},\"captcha\":[],\"errors\":{\"borderLeftColorForSuccess\":\"#0000ff\",\"borderLeftColorForError\":\"#ff0000\",\"borderLeftSize\":10,\"paddingTopBottom\":0,\"textColor\":\"#000000\",\"textSize\":14,\"textWeight\":\"normal\"},\"custom\":{\"css\":\"\"}},\"options\":{\"poll\":{\"voteButtonLabel\":\"Vote\",\"showResultsLink\":\"no\",\"resultsLabelText\":\"Results\",\"showTotalVotes\":\"no\",\"showTotalAnswers\":\"no\",\"startDateOption\":\"now\",\"startDateCustom\":\"\",\"endDateOption\":\"custom\",\"endDateCustom\":\"2025-02-02 21:00\",\"redirectAfterVote\":\"no\",\"redirectUrl\":\"\",\"redirectAfter\":\"\",\"pageLink\":\"\",\"useCaptcha\":\"no\",\"enableGdpr\":\"no\",\"gdprSolution\":\"ask_consent\",\"gdprConsentText\":\"\",\"loadWithAjax\":\"no\",\"notificationMessageLocation\":\"top\"},\"results\":{\"showResultsMoment\":[\"after-vote\"],\"customDateResults\":\"\",\"showResultsTo\":[\"guest\"],\"resultsDetails\":[\"votes-number\",\"percentages\"],\"backToVoteOption\":\"no\",\"backToVoteCaption\":\"Retour\",\"sortResults\":\"as-defined\",\"sortResultsRule\":\"desc\",\"displayResultsAs\":\"bar\"},\"access\":{\"votePermissions\":[\"guest\"]}}},\"total_submits\":\"111\",\"total_submited_answers\":\"111\"},\"elements\":[{\"id\":\"469\",\"poll_id\":\"352\",\"etext\":\"Quelle opinion avez-vous de Benjamin Charier ?\",\"etype\":\"question-text\",\"status\":\"active\",\"sorder\":\"1\",\"meta_data\":{\"allowOtherAnswers\":\"no\",\"otherAnswersLabel\":\"Other\",\"addOtherAnswers\":\"no\",\"displayOtherAnswersInResults\":\"no\",\"resultsColorForOtherAnswers\":\"#000000\",\"allowMultipleAnswers\":\"no\",\"multipleAnswersMinim\":\"1\",\"multipleAnswersMaxim\":\"1\",\"answersDisplay\":\"vertical\",\"answersColumns\":\"3\",\"answersSort\":\"as-defined\"},\"subelements\":[{\"id\":\"12382\",\"poll_id\":\"352\",\"element_id\":\"469\",\"stext\":\"Tr\\u00e8s Bonne\",\"stype\":\"text\",\"status\":\"active\",\"sorder\":\"1\",\"meta_data\":{\"makeDefault\":\"0\",\"makeLink\":\"0\",\"link\":\"\",\"resultsColor\":\"#000000\"},\"total_submits\":\"11\"},{\"id\":\"12383\",\"poll_id\":\"352\",\"element_id\":\"469\",\"stext\":\"Assez Bonne\",\"stype\":\"text\",\"status\":\"active\",\"sorder\":\"2\",\"meta_data\":{\"makeDefault\":\"0\",\"makeLink\":\"0\",\"link\":\"\",\"resultsColor\":\"#000000\"},\"total_submits\":\"22\"},{\"id\":\"12384\",\"poll_id\":\"352\",\"element_id\":\"469\",\"stext\":\"Moyenne, Mitig\\u00e9e\",\"stype\":\"text\",\"status\":\"active\",\"sorder\":\"3\",\"meta_data\":{\"makeDefault\":\"0\",\"makeLink\":\"0\",\"link\":\"\",\"resultsColor\":\"#000000\"},\"total_submits\":\"22\"},{\"id\":\"12385\",\"poll_id\":\"352\",\"element_id\":\"469\",\"stext\":\"Assez Mauvaise\",\"stype\":\"text\",\"status\":\"active\",\"sorder\":\"4\",\"meta_data\":{\"makeDefault\":\"0\",\"makeLink\":\"0\",\"link\":\"\",\"resultsColor\":\"#000000\"},\"total_submits\":\"9\"},{\"id\":\"12386\",\"poll_id\":\"352\",\"element_id\":\"469\",\"stext\":\"Tr\\u00e8s Mauvaise\",\"stype\":\"text\",\"status\":\"active\",\"sorder\":\"5\",\"meta_data\":{\"makeDefault\":\"0\",\"makeLink\":\"0\",\"link\":\"\",\"resultsColor\":\"#000000\"},\"total_submits\":\"3\"},{\"id\":\"12387\",\"poll_id\":\"352\",\"element_id\":\"469\",\"stext\":\"Sans Opinion\",\"stype\":\"text\",\"status\":\"active\",\"sorder\":\"6\",\"meta_data\":{\"makeDefault\":\"0\",\"makeLink\":\"0\",\"link\":\"\",\"resultsColor\":\"#000000\"},\"total_submits\":\"44\"}]}],\"total_submits\":111,\"messages\":{\"voting\":{\"too-many-chars-for-custom-field\":\"Text for {custom_field_name} is too long\"}},\"date_format\":\"j F Y\",\"nonce\":\"b492560db5\",\"page_id\":0,\"tracking_id\":\"https:\\\/\\\/olplus.fr\\\/blogs\"}<\/script><\/div>\n\n\n\n<p class=\"wp-block-paragraph\">\u2014\u2014\u2014\u2014\u2014\u2014\u2014\u2014\u2014\u2014\u2014\u2014\u2014\u2014\u2014\u2014\u2014\u2014<br><strong>2\u00c8ME PARTIE : NOUVEAU STAFF TECHNIQUE<\/strong><br>\u2014\u2014\u2014\u2014\u2014\u2014\u2014\u2014\u2014\u2014\u2014\u2014\u2014\u2014\u2014\u2014\u2014\u2014<\/p>\n\n\n\n<p class=\"wp-block-paragraph\">Quelle opinion avez-vous de <strong>Paulo FONSECA<\/strong>, nouvel Entra\u00eeneur principal de l\u2019OL ?<\/p>\n\n\n<div class=\"yop-poll-container\" data-yop-poll-id=\"353\"><script type=\"application\/json\" data-yop-poll-init>{\"poll\":{\"id\":\"353\",\"name\":\"Staff51#05_Fonseca\",\"template\":\"1\",\"template_base\":\"basic\",\"skin_base\":\"orange-def\",\"status\":\"published\",\"meta_data\":{\"style\":{\"poll\":{\"backgroundColor\":\"#ffffff\",\"borderSize\":1,\"borderColor\":\"#000000\",\"borderRadius\":0,\"paddingLeftRight\":0,\"paddingTopBottom\":0,\"borderStyle\":\"solid\"},\"questions\":{\"textColor\":\"#000000\",\"textSize\":16,\"textWeight\":\"normal\",\"textAlign\":\"left\"},\"answers\":{\"paddingLeftRight\":0,\"paddingTopBottom\":0,\"textColor\":\"#000000\",\"textSize\":14,\"textWeight\":\"normal\",\"skin\":\"minimal\",\"colorScheme\":\"black\"},\"buttons\":{\"backgroundColor\":\"#ee7600\",\"borderSize\":0,\"borderColor\":\"#000000\",\"borderRadius\":0,\"paddingLeftRight\":10,\"paddingTopBottom\":5,\"textColor\":\"#ffffff\",\"textSize\":14,\"textWeight\":\"normal\"},\"captcha\":[],\"errors\":{\"borderLeftColorForSuccess\":\"#0000ff\",\"borderLeftColorForError\":\"#ff0000\",\"borderLeftSize\":10,\"paddingTopBottom\":0,\"textColor\":\"#000000\",\"textSize\":14,\"textWeight\":\"normal\"},\"custom\":{\"css\":\"\"}},\"options\":{\"poll\":{\"voteButtonLabel\":\"Vote\",\"showResultsLink\":\"no\",\"resultsLabelText\":\"Results\",\"showTotalVotes\":\"no\",\"showTotalAnswers\":\"no\",\"startDateOption\":\"now\",\"startDateCustom\":\"\",\"endDateOption\":\"custom\",\"endDateCustom\":\"2025-02-02 21:00\",\"redirectAfterVote\":\"no\",\"redirectUrl\":\"\",\"redirectAfter\":\"\",\"pageLink\":\"\",\"useCaptcha\":\"no\",\"enableGdpr\":\"no\",\"gdprSolution\":\"ask_consent\",\"gdprConsentText\":\"\",\"loadWithAjax\":\"no\",\"notificationMessageLocation\":\"top\"},\"results\":{\"showResultsMoment\":[\"after-vote\"],\"customDateResults\":\"\",\"showResultsTo\":[\"guest\"],\"resultsDetails\":[\"votes-number\",\"percentages\"],\"backToVoteOption\":\"no\",\"backToVoteCaption\":\"Back to vote\",\"sortResults\":\"as-defined\",\"sortResultsRule\":\"desc\",\"displayResultsAs\":\"bar\"},\"access\":{\"votePermissions\":[\"guest\"]}}},\"total_submits\":\"112\",\"total_submited_answers\":\"112\"},\"elements\":[{\"id\":\"471\",\"poll_id\":\"353\",\"etext\":\"Quelle opinion avez-vous de Paulo Fonseca ?\",\"etype\":\"question-text\",\"status\":\"active\",\"sorder\":\"1\",\"meta_data\":{\"allowOtherAnswers\":\"no\",\"otherAnswersLabel\":\"Other\",\"addOtherAnswers\":\"no\",\"displayOtherAnswersInResults\":\"no\",\"resultsColorForOtherAnswers\":\"#000000\",\"allowMultipleAnswers\":\"no\",\"multipleAnswersMinim\":\"1\",\"multipleAnswersMaxim\":\"1\",\"answersDisplay\":\"vertical\",\"answersColumns\":\"\",\"answersSort\":\"as-defined\"},\"subelements\":[{\"id\":\"12388\",\"poll_id\":\"353\",\"element_id\":\"471\",\"stext\":\"Tr\\u00e8s Bonne\",\"stype\":\"text\",\"status\":\"active\",\"sorder\":\"1\",\"meta_data\":{\"makeDefault\":\"0\",\"makeLink\":\"0\",\"link\":\"\",\"resultsColor\":\"#000000\"},\"total_submits\":\"17\"},{\"id\":\"12389\",\"poll_id\":\"353\",\"element_id\":\"471\",\"stext\":\"Assez Bonne\",\"stype\":\"text\",\"status\":\"active\",\"sorder\":\"2\",\"meta_data\":{\"makeDefault\":\"0\",\"makeLink\":\"0\",\"link\":\"\",\"resultsColor\":\"#000000\"},\"total_submits\":\"60\"},{\"id\":\"12390\",\"poll_id\":\"353\",\"element_id\":\"471\",\"stext\":\"Moyenne, Mitig\\u00e9e\",\"stype\":\"text\",\"status\":\"active\",\"sorder\":\"3\",\"meta_data\":{\"makeDefault\":\"0\",\"makeLink\":\"0\",\"link\":\"\",\"resultsColor\":\"#000000\"},\"total_submits\":\"16\"},{\"id\":\"12391\",\"poll_id\":\"353\",\"element_id\":\"471\",\"stext\":\"Assez Mauvaise\",\"stype\":\"text\",\"status\":\"active\",\"sorder\":\"4\",\"meta_data\":{\"makeDefault\":\"0\",\"makeLink\":\"0\",\"link\":\"\",\"resultsColor\":\"#000000\"},\"total_submits\":\"6\"},{\"id\":\"12392\",\"poll_id\":\"353\",\"element_id\":\"471\",\"stext\":\"Tr\\u00e8s Mauvaise\",\"stype\":\"text\",\"status\":\"active\",\"sorder\":\"5\",\"meta_data\":{\"makeDefault\":\"0\",\"makeLink\":\"0\",\"link\":\"\",\"resultsColor\":\"#000000\"},\"total_submits\":\"6\"},{\"id\":\"12393\",\"poll_id\":\"353\",\"element_id\":\"471\",\"stext\":\"Sans Opinion\",\"stype\":\"text\",\"status\":\"active\",\"sorder\":\"6\",\"meta_data\":{\"makeDefault\":\"0\",\"makeLink\":\"0\",\"link\":\"\",\"resultsColor\":\"#000000\"},\"total_submits\":\"7\"}]}],\"total_submits\":112,\"messages\":{\"voting\":{\"too-many-chars-for-custom-field\":\"Text for {custom_field_name} is too long\"}},\"date_format\":\"j F Y\",\"nonce\":\"5f16837856\",\"page_id\":0,\"tracking_id\":\"https:\\\/\\\/olplus.fr\\\/blogs\"}<\/script><\/div>\n\n\n\n<p class=\"wp-block-paragraph\">\u2014\u2014\u2014\u2014\u2014\u2014\u2014\u2014\u2014\u2014\u2014\u2014\u2014\u2014\u2014\u2014\u2014\u2014\u2013<\/p>\n\n\n\n<p class=\"wp-block-paragraph\">Quelle opinion avez-vous de <strong>Paulo FERREIRA<\/strong>, nouvel Entra\u00eeneur adjoint de l\u2019OL ?<\/p>\n\n\n<div class=\"yop-poll-container\" data-yop-poll-id=\"354\"><script type=\"application\/json\" data-yop-poll-init>{\"poll\":{\"id\":\"354\",\"name\":\"Staff51#06_Ferreira P.\",\"template\":\"1\",\"template_base\":\"basic\",\"skin_base\":\"orange-def\",\"status\":\"published\",\"meta_data\":{\"style\":{\"poll\":{\"backgroundColor\":\"#ffffff\",\"borderSize\":1,\"borderColor\":\"#000000\",\"borderRadius\":0,\"paddingLeftRight\":0,\"paddingTopBottom\":0,\"borderStyle\":\"solid\"},\"questions\":{\"textColor\":\"#000000\",\"textSize\":16,\"textWeight\":\"normal\",\"textAlign\":\"left\"},\"answers\":{\"paddingLeftRight\":0,\"paddingTopBottom\":0,\"textColor\":\"#000000\",\"textSize\":14,\"textWeight\":\"normal\",\"skin\":\"minimal\",\"colorScheme\":\"black\"},\"buttons\":{\"backgroundColor\":\"#ee7600\",\"borderSize\":0,\"borderColor\":\"#000000\",\"borderRadius\":0,\"paddingLeftRight\":10,\"paddingTopBottom\":5,\"textColor\":\"#ffffff\",\"textSize\":14,\"textWeight\":\"normal\"},\"captcha\":[],\"errors\":{\"borderLeftColorForSuccess\":\"#0000ff\",\"borderLeftColorForError\":\"#ff0000\",\"borderLeftSize\":10,\"paddingTopBottom\":0,\"textColor\":\"#000000\",\"textSize\":14,\"textWeight\":\"normal\"},\"custom\":{\"css\":\"\"}},\"options\":{\"poll\":{\"voteButtonLabel\":\"Vote\",\"showResultsLink\":\"no\",\"resultsLabelText\":\"Results\",\"showTotalVotes\":\"no\",\"showTotalAnswers\":\"no\",\"startDateOption\":\"now\",\"startDateCustom\":\"\",\"endDateOption\":\"custom\",\"endDateCustom\":\"2025-02-02 21:00\",\"redirectAfterVote\":\"no\",\"redirectUrl\":\"\",\"redirectAfter\":\"\",\"pageLink\":\"\",\"useCaptcha\":\"no\",\"enableGdpr\":\"no\",\"gdprSolution\":\"ask_consent\",\"gdprConsentText\":\"\",\"loadWithAjax\":\"no\",\"notificationMessageLocation\":\"top\"},\"results\":{\"showResultsMoment\":[\"after-vote\"],\"customDateResults\":\"\",\"showResultsTo\":[\"guest\"],\"resultsDetails\":[\"votes-number\",\"percentages\"],\"backToVoteOption\":\"no\",\"backToVoteCaption\":\"Back to vote\",\"sortResults\":\"as-defined\",\"sortResultsRule\":\"desc\",\"displayResultsAs\":\"bar\"},\"access\":{\"votePermissions\":[\"guest\"]}}},\"total_submits\":\"103\",\"total_submited_answers\":\"103\"},\"elements\":[{\"id\":\"472\",\"poll_id\":\"354\",\"etext\":\"Quelle opinion avez-vous de Paulo Ferreira ?\",\"etype\":\"question-text\",\"status\":\"active\",\"sorder\":\"1\",\"meta_data\":{\"allowOtherAnswers\":\"no\",\"otherAnswersLabel\":\"Other\",\"addOtherAnswers\":\"no\",\"displayOtherAnswersInResults\":\"no\",\"resultsColorForOtherAnswers\":\"#000000\",\"allowMultipleAnswers\":\"no\",\"multipleAnswersMinim\":\"1\",\"multipleAnswersMaxim\":\"1\",\"answersDisplay\":\"vertical\",\"answersColumns\":\"\",\"answersSort\":\"as-defined\"},\"subelements\":[{\"id\":\"12394\",\"poll_id\":\"354\",\"element_id\":\"472\",\"stext\":\"Tr\\u00e8s Bonne\",\"stype\":\"text\",\"status\":\"active\",\"sorder\":\"1\",\"meta_data\":{\"makeDefault\":\"0\",\"makeLink\":\"0\",\"link\":\"\",\"resultsColor\":\"#000000\"},\"total_submits\":\"2\"},{\"id\":\"12395\",\"poll_id\":\"354\",\"element_id\":\"472\",\"stext\":\"Assez Bonne\",\"stype\":\"text\",\"status\":\"active\",\"sorder\":\"2\",\"meta_data\":{\"makeDefault\":\"0\",\"makeLink\":\"0\",\"link\":\"\",\"resultsColor\":\"#000000\"},\"total_submits\":\"16\"},{\"id\":\"12396\",\"poll_id\":\"354\",\"element_id\":\"472\",\"stext\":\"Moyenne, Mitig\\u00e9e\",\"stype\":\"text\",\"status\":\"active\",\"sorder\":\"3\",\"meta_data\":{\"makeDefault\":\"0\",\"makeLink\":\"0\",\"link\":\"\",\"resultsColor\":\"#000000\"},\"total_submits\":\"9\"},{\"id\":\"12397\",\"poll_id\":\"354\",\"element_id\":\"472\",\"stext\":\"Assez Mauvaise\",\"stype\":\"text\",\"status\":\"active\",\"sorder\":\"4\",\"meta_data\":{\"makeDefault\":\"0\",\"makeLink\":\"0\",\"link\":\"\",\"resultsColor\":\"#000000\"},\"total_submits\":\"0\"},{\"id\":\"12398\",\"poll_id\":\"354\",\"element_id\":\"472\",\"stext\":\"Tr\\u00e8s Mauvaise\",\"stype\":\"text\",\"status\":\"active\",\"sorder\":\"5\",\"meta_data\":{\"makeDefault\":\"0\",\"makeLink\":\"0\",\"link\":\"\",\"resultsColor\":\"#000000\"},\"total_submits\":\"4\"},{\"id\":\"12399\",\"poll_id\":\"354\",\"element_id\":\"472\",\"stext\":\"Sans Opinion\",\"stype\":\"text\",\"status\":\"active\",\"sorder\":\"6\",\"meta_data\":{\"makeDefault\":\"0\",\"makeLink\":\"0\",\"link\":\"\",\"resultsColor\":\"#000000\"},\"total_submits\":\"72\"}]}],\"total_submits\":103,\"messages\":{\"voting\":{\"too-many-chars-for-custom-field\":\"Text for {custom_field_name} is too long\"}},\"date_format\":\"j F Y\",\"nonce\":\"4a77a4f3bf\",\"page_id\":0,\"tracking_id\":\"https:\\\/\\\/olplus.fr\\\/blogs\"}<\/script><\/div>\n\n\n\n<p class=\"wp-block-paragraph\">\u2014\u2014\u2014\u2014\u2014\u2014\u2014\u2014\u2014\u2014\u2014\u2014\u2014\u2014\u2014\u2014\u2014\u2014\u2013<\/p>\n\n\n\n<p class=\"wp-block-paragraph\">Quelle opinion avez-vous de <strong>Jorge MACIEL<\/strong>, Entra\u00eeneur adjoint de l\u2019OL ?<\/p>\n\n\n<div class=\"yop-poll-container\" data-yop-poll-id=\"355\"><script type=\"application\/json\" data-yop-poll-init>{\"poll\":{\"id\":\"355\",\"name\":\"Staff51#07_Maciel\",\"template\":\"1\",\"template_base\":\"basic\",\"skin_base\":\"orange-def\",\"status\":\"published\",\"meta_data\":{\"style\":{\"poll\":{\"backgroundColor\":\"#ffffff\",\"borderSize\":1,\"borderColor\":\"#000000\",\"borderRadius\":0,\"paddingLeftRight\":0,\"paddingTopBottom\":0,\"borderStyle\":\"solid\"},\"questions\":{\"textColor\":\"#000000\",\"textSize\":16,\"textWeight\":\"normal\",\"textAlign\":\"left\"},\"answers\":{\"paddingLeftRight\":0,\"paddingTopBottom\":0,\"textColor\":\"#000000\",\"textSize\":14,\"textWeight\":\"normal\",\"skin\":\"minimal\",\"colorScheme\":\"black\"},\"buttons\":{\"backgroundColor\":\"#ee7600\",\"borderSize\":0,\"borderColor\":\"#000000\",\"borderRadius\":0,\"paddingLeftRight\":10,\"paddingTopBottom\":5,\"textColor\":\"#ffffff\",\"textSize\":14,\"textWeight\":\"normal\"},\"captcha\":[],\"errors\":{\"borderLeftColorForSuccess\":\"#0000ff\",\"borderLeftColorForError\":\"#ff0000\",\"borderLeftSize\":10,\"paddingTopBottom\":0,\"textColor\":\"#000000\",\"textSize\":14,\"textWeight\":\"normal\"},\"custom\":{\"css\":\"\"}},\"options\":{\"poll\":{\"voteButtonLabel\":\"Vote\",\"showResultsLink\":\"no\",\"resultsLabelText\":\"Results\",\"showTotalVotes\":\"no\",\"showTotalAnswers\":\"no\",\"startDateOption\":\"now\",\"startDateCustom\":\"\",\"endDateOption\":\"custom\",\"endDateCustom\":\"2025-02-02 19:00\",\"redirectAfterVote\":\"no\",\"redirectUrl\":\"\",\"redirectAfter\":\"\",\"pageLink\":\"\",\"useCaptcha\":\"no\",\"enableGdpr\":\"no\",\"gdprSolution\":\"ask_consent\",\"gdprConsentText\":\"\",\"loadWithAjax\":\"no\",\"notificationMessageLocation\":\"top\"},\"results\":{\"showResultsMoment\":[\"after-vote\"],\"customDateResults\":\"\",\"showResultsTo\":[\"guest\"],\"resultsDetails\":[\"votes-number\",\"percentages\"],\"backToVoteOption\":\"no\",\"backToVoteCaption\":\"Back to vote\",\"sortResults\":\"as-defined\",\"sortResultsRule\":\"desc\",\"displayResultsAs\":\"bar\"},\"access\":{\"votePermissions\":[\"guest\"]}}},\"total_submits\":\"100\",\"total_submited_answers\":\"100\"},\"elements\":[{\"id\":\"473\",\"poll_id\":\"355\",\"etext\":\"Quelle opinion avez-vous de Jorge Maciel ?\",\"etype\":\"question-text\",\"status\":\"active\",\"sorder\":\"1\",\"meta_data\":{\"allowOtherAnswers\":\"no\",\"otherAnswersLabel\":\"Other\",\"addOtherAnswers\":\"no\",\"displayOtherAnswersInResults\":\"no\",\"resultsColorForOtherAnswers\":\"#000000\",\"allowMultipleAnswers\":\"no\",\"multipleAnswersMinim\":\"1\",\"multipleAnswersMaxim\":\"1\",\"answersDisplay\":\"vertical\",\"answersColumns\":\"\",\"answersSort\":\"as-defined\"},\"subelements\":[{\"id\":\"12400\",\"poll_id\":\"355\",\"element_id\":\"473\",\"stext\":\"Tr\\u00e8s Bonne\",\"stype\":\"text\",\"status\":\"active\",\"sorder\":\"1\",\"meta_data\":{\"makeDefault\":\"0\",\"makeLink\":\"0\",\"link\":\"\",\"resultsColor\":\"#000000\"},\"total_submits\":\"2\"},{\"id\":\"12401\",\"poll_id\":\"355\",\"element_id\":\"473\",\"stext\":\"Assez Bonne\",\"stype\":\"text\",\"status\":\"active\",\"sorder\":\"2\",\"meta_data\":{\"makeDefault\":\"0\",\"makeLink\":\"0\",\"link\":\"\",\"resultsColor\":\"#000000\"},\"total_submits\":\"32\"},{\"id\":\"12402\",\"poll_id\":\"355\",\"element_id\":\"473\",\"stext\":\"Moyenne, Mitig\\u00e9e\",\"stype\":\"text\",\"status\":\"active\",\"sorder\":\"3\",\"meta_data\":{\"makeDefault\":\"0\",\"makeLink\":\"0\",\"link\":\"\",\"resultsColor\":\"#000000\"},\"total_submits\":\"17\"},{\"id\":\"12403\",\"poll_id\":\"355\",\"element_id\":\"473\",\"stext\":\"Assez Mauvaise\",\"stype\":\"text\",\"status\":\"active\",\"sorder\":\"4\",\"meta_data\":{\"makeDefault\":\"0\",\"makeLink\":\"0\",\"link\":\"\",\"resultsColor\":\"#000000\"},\"total_submits\":\"5\"},{\"id\":\"12404\",\"poll_id\":\"355\",\"element_id\":\"473\",\"stext\":\"Tr\\u00e8s Mauvaise\",\"stype\":\"text\",\"status\":\"active\",\"sorder\":\"5\",\"meta_data\":{\"makeDefault\":\"0\",\"makeLink\":\"0\",\"link\":\"\",\"resultsColor\":\"#000000\"},\"total_submits\":\"4\"},{\"id\":\"12405\",\"poll_id\":\"355\",\"element_id\":\"473\",\"stext\":\"Sans Opinion\",\"stype\":\"text\",\"status\":\"active\",\"sorder\":\"6\",\"meta_data\":{\"makeDefault\":\"0\",\"makeLink\":\"0\",\"link\":\"\",\"resultsColor\":\"#000000\"},\"total_submits\":\"40\"}]}],\"total_submits\":100,\"messages\":{\"voting\":{\"too-many-chars-for-custom-field\":\"Text for {custom_field_name} is too long\"}},\"date_format\":\"j F Y\",\"nonce\":\"5ce5864a03\",\"page_id\":0,\"tracking_id\":\"https:\\\/\\\/olplus.fr\\\/blogs\"}<\/script><\/div>\n\n\n\n<p class=\"wp-block-paragraph\">\u2014\u2014\u2014\u2014\u2014\u2014\u2014\u2014\u2014\u2014\u2014\u2014\u2014\u2014\u2014\u2014\u2014\u2014\u2013<\/p>\n\n\n\n<p class=\"wp-block-paragraph\">Quelle opinion avez-vous de <strong>Daniel CONGR\u00c9<\/strong>, Coordinateur Sportif de l\u2019OL ?<\/p>\n\n\n<div class=\"yop-poll-container\" data-yop-poll-id=\"356\"><script type=\"application\/json\" data-yop-poll-init>{\"poll\":{\"id\":\"356\",\"name\":\"Staff51#08_Congr\\u00e9\",\"template\":\"1\",\"template_base\":\"basic\",\"skin_base\":\"orange-def\",\"status\":\"published\",\"meta_data\":{\"style\":{\"poll\":{\"backgroundColor\":\"#ffffff\",\"borderSize\":1,\"borderColor\":\"#000000\",\"borderRadius\":0,\"paddingLeftRight\":0,\"paddingTopBottom\":0,\"borderStyle\":\"solid\"},\"questions\":{\"textColor\":\"#000000\",\"textSize\":16,\"textWeight\":\"normal\",\"textAlign\":\"left\"},\"answers\":{\"paddingLeftRight\":0,\"paddingTopBottom\":0,\"textColor\":\"#000000\",\"textSize\":14,\"textWeight\":\"normal\",\"skin\":\"minimal\",\"colorScheme\":\"black\"},\"buttons\":{\"backgroundColor\":\"#ee7600\",\"borderSize\":0,\"borderColor\":\"#000000\",\"borderRadius\":0,\"paddingLeftRight\":10,\"paddingTopBottom\":5,\"textColor\":\"#ffffff\",\"textSize\":14,\"textWeight\":\"normal\"},\"captcha\":[],\"errors\":{\"borderLeftColorForSuccess\":\"#0000ff\",\"borderLeftColorForError\":\"#ff0000\",\"borderLeftSize\":10,\"paddingTopBottom\":0,\"textColor\":\"#000000\",\"textSize\":14,\"textWeight\":\"normal\"},\"custom\":{\"css\":\"\"}},\"options\":{\"poll\":{\"voteButtonLabel\":\"Vote\",\"showResultsLink\":\"no\",\"resultsLabelText\":\"Results\",\"showTotalVotes\":\"no\",\"showTotalAnswers\":\"no\",\"startDateOption\":\"now\",\"startDateCustom\":\"\",\"endDateOption\":\"custom\",\"endDateCustom\":\"2025-02-02 21:00\",\"redirectAfterVote\":\"no\",\"redirectUrl\":\"\",\"redirectAfter\":\"\",\"pageLink\":\"\",\"useCaptcha\":\"no\",\"enableGdpr\":\"no\",\"gdprSolution\":\"ask_consent\",\"gdprConsentText\":\"\",\"loadWithAjax\":\"no\",\"notificationMessageLocation\":\"top\"},\"results\":{\"showResultsMoment\":[\"after-vote\"],\"customDateResults\":\"\",\"showResultsTo\":[\"guest\"],\"resultsDetails\":[\"votes-number\",\"percentages\"],\"backToVoteOption\":\"no\",\"backToVoteCaption\":\"Back to vote\",\"sortResults\":\"as-defined\",\"sortResultsRule\":\"desc\",\"displayResultsAs\":\"bar\"},\"access\":{\"votePermissions\":[\"guest\"]}}},\"total_submits\":\"102\",\"total_submited_answers\":\"102\"},\"elements\":[{\"id\":\"474\",\"poll_id\":\"356\",\"etext\":\"Quelle opinion avez-vous de Daniel Congr\\u00e9 ?\",\"etype\":\"question-text\",\"status\":\"active\",\"sorder\":\"1\",\"meta_data\":{\"allowOtherAnswers\":\"no\",\"otherAnswersLabel\":\"Other\",\"addOtherAnswers\":\"no\",\"displayOtherAnswersInResults\":\"no\",\"resultsColorForOtherAnswers\":\"#000000\",\"allowMultipleAnswers\":\"no\",\"multipleAnswersMinim\":\"1\",\"multipleAnswersMaxim\":\"1\",\"answersDisplay\":\"vertical\",\"answersColumns\":\"\",\"answersSort\":\"as-defined\"},\"subelements\":[{\"id\":\"12406\",\"poll_id\":\"356\",\"element_id\":\"474\",\"stext\":\"Tr\\u00e8s Bonne\",\"stype\":\"text\",\"status\":\"active\",\"sorder\":\"1\",\"meta_data\":{\"makeDefault\":\"0\",\"makeLink\":\"0\",\"link\":\"\",\"resultsColor\":\"#000000\"},\"total_submits\":\"2\"},{\"id\":\"12407\",\"poll_id\":\"356\",\"element_id\":\"474\",\"stext\":\"Assez Bonne\",\"stype\":\"text\",\"status\":\"active\",\"sorder\":\"2\",\"meta_data\":{\"makeDefault\":\"0\",\"makeLink\":\"0\",\"link\":\"\",\"resultsColor\":\"#000000\"},\"total_submits\":\"13\"},{\"id\":\"12408\",\"poll_id\":\"356\",\"element_id\":\"474\",\"stext\":\"Moyenne, Mitig\\u00e9e\",\"stype\":\"text\",\"status\":\"active\",\"sorder\":\"3\",\"meta_data\":{\"makeDefault\":\"0\",\"makeLink\":\"0\",\"link\":\"\",\"resultsColor\":\"#000000\"},\"total_submits\":\"25\"},{\"id\":\"12409\",\"poll_id\":\"356\",\"element_id\":\"474\",\"stext\":\"Assez Mauvaise\",\"stype\":\"text\",\"status\":\"active\",\"sorder\":\"4\",\"meta_data\":{\"makeDefault\":\"0\",\"makeLink\":\"0\",\"link\":\"\",\"resultsColor\":\"#000000\"},\"total_submits\":\"12\"},{\"id\":\"12410\",\"poll_id\":\"356\",\"element_id\":\"474\",\"stext\":\"Tr\\u00e8s Mauvaise\",\"stype\":\"text\",\"status\":\"active\",\"sorder\":\"5\",\"meta_data\":{\"makeDefault\":\"0\",\"makeLink\":\"0\",\"link\":\"\",\"resultsColor\":\"#000000\"},\"total_submits\":\"6\"},{\"id\":\"12411\",\"poll_id\":\"356\",\"element_id\":\"474\",\"stext\":\"Sans Opinion\",\"stype\":\"text\",\"status\":\"active\",\"sorder\":\"6\",\"meta_data\":{\"makeDefault\":\"0\",\"makeLink\":\"0\",\"link\":\"\",\"resultsColor\":\"#000000\"},\"total_submits\":\"44\"}]}],\"total_submits\":102,\"messages\":{\"voting\":{\"too-many-chars-for-custom-field\":\"Text for {custom_field_name} is too long\"}},\"date_format\":\"j F Y\",\"nonce\":\"a3f49faad9\",\"page_id\":0,\"tracking_id\":\"https:\\\/\\\/olplus.fr\\\/blogs\"}<\/script><\/div>\n\n\n\n<p class=\"wp-block-paragraph\">\u2014\u2014\u2014\u2014\u2014\u2014\u2014\u2014\u2014\u2014\u2014\u2014\u2014\u2014\u2014\u2014\u2014\u2014\u2013<\/p>\n\n\n\n<p class=\"wp-block-paragraph\">Quelle opinion avez-vous d&rsquo; <strong>Antonio FERREIRA<\/strong>, nouvel Entra\u00eeneur des gardiens de but de l\u2019OL  ?<\/p>\n\n\n<div class=\"yop-poll-container\" data-yop-poll-id=\"357\"><script type=\"application\/json\" data-yop-poll-init>{\"poll\":{\"id\":\"357\",\"name\":\"Staff51#09_Ferreira A.\",\"template\":\"1\",\"template_base\":\"basic\",\"skin_base\":\"orange-def\",\"status\":\"published\",\"meta_data\":{\"style\":{\"poll\":{\"backgroundColor\":\"#ffffff\",\"borderSize\":1,\"borderColor\":\"#000000\",\"borderRadius\":0,\"paddingLeftRight\":0,\"paddingTopBottom\":0,\"borderStyle\":\"solid\"},\"questions\":{\"textColor\":\"#000000\",\"textSize\":16,\"textWeight\":\"normal\",\"textAlign\":\"left\"},\"answers\":{\"paddingLeftRight\":0,\"paddingTopBottom\":0,\"textColor\":\"#000000\",\"textSize\":14,\"textWeight\":\"normal\",\"skin\":\"minimal\",\"colorScheme\":\"black\"},\"buttons\":{\"backgroundColor\":\"#ee7600\",\"borderSize\":0,\"borderColor\":\"#000000\",\"borderRadius\":0,\"paddingLeftRight\":10,\"paddingTopBottom\":5,\"textColor\":\"#ffffff\",\"textSize\":14,\"textWeight\":\"normal\"},\"captcha\":[],\"errors\":{\"borderLeftColorForSuccess\":\"#0000ff\",\"borderLeftColorForError\":\"#ff0000\",\"borderLeftSize\":10,\"paddingTopBottom\":0,\"textColor\":\"#000000\",\"textSize\":14,\"textWeight\":\"normal\"},\"custom\":{\"css\":\"\"}},\"options\":{\"poll\":{\"voteButtonLabel\":\"Vote\",\"showResultsLink\":\"no\",\"resultsLabelText\":\"Results\",\"showTotalVotes\":\"no\",\"showTotalAnswers\":\"no\",\"startDateOption\":\"now\",\"startDateCustom\":\"\",\"endDateOption\":\"custom\",\"endDateCustom\":\"2025-02-02 21:00\",\"redirectAfterVote\":\"no\",\"redirectUrl\":\"\",\"redirectAfter\":\"\",\"pageLink\":\"\",\"useCaptcha\":\"no\",\"enableGdpr\":\"no\",\"gdprSolution\":\"ask_consent\",\"gdprConsentText\":\"\",\"loadWithAjax\":\"no\",\"notificationMessageLocation\":\"top\"},\"results\":{\"showResultsMoment\":[\"after-vote\"],\"customDateResults\":\"\",\"showResultsTo\":[\"guest\"],\"resultsDetails\":[\"votes-number\",\"percentages\"],\"backToVoteOption\":\"no\",\"backToVoteCaption\":\"Retour\",\"sortResults\":\"as-defined\",\"sortResultsRule\":\"desc\",\"displayResultsAs\":\"bar\"},\"access\":{\"votePermissions\":[\"guest\"]}}},\"total_submits\":\"96\",\"total_submited_answers\":\"96\"},\"elements\":[{\"id\":\"475\",\"poll_id\":\"357\",\"etext\":\"Quelle opinion avez-vous d'Antonio Ferreira ?\",\"etype\":\"question-text\",\"status\":\"active\",\"sorder\":\"1\",\"meta_data\":{\"allowOtherAnswers\":\"no\",\"otherAnswersLabel\":\"Other\",\"addOtherAnswers\":\"no\",\"displayOtherAnswersInResults\":\"no\",\"resultsColorForOtherAnswers\":\"#000000\",\"allowMultipleAnswers\":\"no\",\"multipleAnswersMinim\":\"1\",\"multipleAnswersMaxim\":\"1\",\"answersDisplay\":\"vertical\",\"answersColumns\":\"3\",\"answersSort\":\"as-defined\"},\"subelements\":[{\"id\":\"12412\",\"poll_id\":\"357\",\"element_id\":\"475\",\"stext\":\"Tr\\u00e8s Bonne\",\"stype\":\"text\",\"status\":\"active\",\"sorder\":\"1\",\"meta_data\":{\"makeDefault\":\"0\",\"makeLink\":\"0\",\"link\":\"\",\"resultsColor\":\"#000000\"},\"total_submits\":\"2\"},{\"id\":\"12413\",\"poll_id\":\"357\",\"element_id\":\"475\",\"stext\":\"Assez Bonne\",\"stype\":\"text\",\"status\":\"active\",\"sorder\":\"2\",\"meta_data\":{\"makeDefault\":\"0\",\"makeLink\":\"0\",\"link\":\"\",\"resultsColor\":\"#000000\"},\"total_submits\":\"3\"},{\"id\":\"12414\",\"poll_id\":\"357\",\"element_id\":\"475\",\"stext\":\"Moyenne, Mitig\\u00e9e\",\"stype\":\"text\",\"status\":\"active\",\"sorder\":\"3\",\"meta_data\":{\"makeDefault\":\"0\",\"makeLink\":\"0\",\"link\":\"\",\"resultsColor\":\"#000000\"},\"total_submits\":\"4\"},{\"id\":\"12415\",\"poll_id\":\"357\",\"element_id\":\"475\",\"stext\":\"Assez Mauvaise\",\"stype\":\"text\",\"status\":\"active\",\"sorder\":\"4\",\"meta_data\":{\"makeDefault\":\"0\",\"makeLink\":\"0\",\"link\":\"\",\"resultsColor\":\"#000000\"},\"total_submits\":\"1\"},{\"id\":\"12416\",\"poll_id\":\"357\",\"element_id\":\"475\",\"stext\":\"Tr\\u00e8s Mauvaise\",\"stype\":\"text\",\"status\":\"active\",\"sorder\":\"5\",\"meta_data\":{\"makeDefault\":\"0\",\"makeLink\":\"0\",\"link\":\"\",\"resultsColor\":\"#000000\"},\"total_submits\":\"3\"},{\"id\":\"12417\",\"poll_id\":\"357\",\"element_id\":\"475\",\"stext\":\"Sans Opinion\",\"stype\":\"text\",\"status\":\"active\",\"sorder\":\"6\",\"meta_data\":{\"makeDefault\":\"0\",\"makeLink\":\"0\",\"link\":\"\",\"resultsColor\":\"#000000\"},\"total_submits\":\"83\"}]}],\"total_submits\":96,\"messages\":{\"voting\":{\"too-many-chars-for-custom-field\":\"Text for {custom_field_name} is too long\"}},\"date_format\":\"j F Y\",\"nonce\":\"7a872af91e\",\"page_id\":0,\"tracking_id\":\"https:\\\/\\\/olplus.fr\\\/blogs\"}<\/script><\/div>\n\n\n\n<p class=\"wp-block-paragraph\"><\/p>\n\n\n\n<p class=\"wp-block-paragraph\">\u2014\u2014\u2014\u2014\u2014\u2014\u2014\u2014\u2014\u2014\u2014\u2014\u2014\u2014\u2014\u2014\u2014\u2014<br><strong>3\u00c8ME PARTIE : STAFF TECHNIQUE<\/strong> <strong>SORTANT<\/strong><br>\u2014\u2014\u2014\u2014\u2014\u2014\u2014\u2014\u2014\u2014\u2014\u2014\u2014\u2014\u2014\u2014\u2014\u2014<\/p>\n\n\n\n<p class=\"wp-block-paragraph\">Quelle opinion avez-vous de <strong>Pierre SAGE<\/strong>, ex-Entra\u00eeneur de l\u2019OL ?<\/p>\n\n\n<div class=\"yop-poll-container\" data-yop-poll-id=\"358\"><script type=\"application\/json\" data-yop-poll-init>{\"poll\":{\"id\":\"358\",\"name\":\"Staff51#10_Sage\",\"template\":\"1\",\"template_base\":\"basic\",\"skin_base\":\"orange-def\",\"status\":\"published\",\"meta_data\":{\"style\":{\"poll\":{\"backgroundColor\":\"#ffffff\",\"borderSize\":1,\"borderColor\":\"#000000\",\"borderRadius\":0,\"paddingLeftRight\":0,\"paddingTopBottom\":0,\"borderStyle\":\"solid\"},\"questions\":{\"textColor\":\"#000000\",\"textSize\":16,\"textWeight\":\"normal\",\"textAlign\":\"left\"},\"answers\":{\"paddingLeftRight\":0,\"paddingTopBottom\":0,\"textColor\":\"#000000\",\"textSize\":14,\"textWeight\":\"normal\",\"skin\":\"minimal\",\"colorScheme\":\"black\"},\"buttons\":{\"backgroundColor\":\"#ee7600\",\"borderSize\":0,\"borderColor\":\"#000000\",\"borderRadius\":0,\"paddingLeftRight\":10,\"paddingTopBottom\":5,\"textColor\":\"#ffffff\",\"textSize\":14,\"textWeight\":\"normal\"},\"captcha\":[],\"errors\":{\"borderLeftColorForSuccess\":\"#0000ff\",\"borderLeftColorForError\":\"#ff0000\",\"borderLeftSize\":10,\"paddingTopBottom\":0,\"textColor\":\"#000000\",\"textSize\":14,\"textWeight\":\"normal\"},\"custom\":{\"css\":\"\"}},\"options\":{\"poll\":{\"voteButtonLabel\":\"Vote\",\"showResultsLink\":\"no\",\"resultsLabelText\":\"Results\",\"showTotalVotes\":\"no\",\"showTotalAnswers\":\"no\",\"startDateOption\":\"now\",\"startDateCustom\":\"\",\"endDateOption\":\"custom\",\"endDateCustom\":\"2025-02-02 21:00\",\"redirectAfterVote\":\"no\",\"redirectUrl\":\"\",\"redirectAfter\":\"\",\"pageLink\":\"\",\"useCaptcha\":\"no\",\"enableGdpr\":\"no\",\"gdprSolution\":\"ask_consent\",\"gdprConsentText\":\"\",\"loadWithAjax\":\"no\",\"notificationMessageLocation\":\"top\"},\"results\":{\"showResultsMoment\":[\"after-vote\"],\"customDateResults\":\"\",\"showResultsTo\":[\"guest\"],\"resultsDetails\":[\"votes-number\",\"percentages\"],\"backToVoteOption\":\"no\",\"backToVoteCaption\":\"Back to vote\",\"sortResults\":\"as-defined\",\"sortResultsRule\":\"desc\",\"displayResultsAs\":\"bar\"},\"access\":{\"votePermissions\":[\"guest\"]}}},\"total_submits\":\"111\",\"total_submited_answers\":\"111\"},\"elements\":[{\"id\":\"477\",\"poll_id\":\"358\",\"etext\":\"Quelle opinion avez-vous de Pierre Sage ?\",\"etype\":\"question-text\",\"status\":\"active\",\"sorder\":\"1\",\"meta_data\":{\"allowOtherAnswers\":\"no\",\"otherAnswersLabel\":\"Other\",\"addOtherAnswers\":\"no\",\"displayOtherAnswersInResults\":\"no\",\"resultsColorForOtherAnswers\":\"#000000\",\"allowMultipleAnswers\":\"no\",\"multipleAnswersMinim\":\"1\",\"multipleAnswersMaxim\":\"1\",\"answersDisplay\":\"vertical\",\"answersColumns\":\"\",\"answersSort\":\"as-defined\"},\"subelements\":[{\"id\":\"12418\",\"poll_id\":\"358\",\"element_id\":\"477\",\"stext\":\"Tr\\u00e8s Bonne\",\"stype\":\"text\",\"status\":\"active\",\"sorder\":\"1\",\"meta_data\":{\"makeDefault\":\"0\",\"makeLink\":\"0\",\"link\":\"\",\"resultsColor\":\"#000000\"},\"total_submits\":\"83\"},{\"id\":\"12419\",\"poll_id\":\"358\",\"element_id\":\"477\",\"stext\":\"Assez Bonne\",\"stype\":\"text\",\"status\":\"active\",\"sorder\":\"2\",\"meta_data\":{\"makeDefault\":\"0\",\"makeLink\":\"0\",\"link\":\"\",\"resultsColor\":\"#000000\"},\"total_submits\":\"21\"},{\"id\":\"12420\",\"poll_id\":\"358\",\"element_id\":\"477\",\"stext\":\"Moyenne, Mitig\\u00e9e\",\"stype\":\"text\",\"status\":\"active\",\"sorder\":\"3\",\"meta_data\":{\"makeDefault\":\"0\",\"makeLink\":\"0\",\"link\":\"\",\"resultsColor\":\"#000000\"},\"total_submits\":\"3\"},{\"id\":\"12421\",\"poll_id\":\"358\",\"element_id\":\"477\",\"stext\":\"Assez Mauvaise\",\"stype\":\"text\",\"status\":\"active\",\"sorder\":\"4\",\"meta_data\":{\"makeDefault\":\"0\",\"makeLink\":\"0\",\"link\":\"\",\"resultsColor\":\"#000000\"},\"total_submits\":\"2\"},{\"id\":\"12422\",\"poll_id\":\"358\",\"element_id\":\"477\",\"stext\":\"Tr\\u00e8s Mauvaise\",\"stype\":\"text\",\"status\":\"active\",\"sorder\":\"5\",\"meta_data\":{\"makeDefault\":\"0\",\"makeLink\":\"0\",\"link\":\"\",\"resultsColor\":\"#000000\"},\"total_submits\":\"1\"},{\"id\":\"12423\",\"poll_id\":\"358\",\"element_id\":\"477\",\"stext\":\"Sans Opinion\",\"stype\":\"text\",\"status\":\"active\",\"sorder\":\"6\",\"meta_data\":{\"makeDefault\":\"0\",\"makeLink\":\"0\",\"link\":\"\",\"resultsColor\":\"#000000\"},\"total_submits\":\"1\"}]}],\"total_submits\":111,\"messages\":{\"voting\":{\"too-many-chars-for-custom-field\":\"Text for {custom_field_name} is too long\"}},\"date_format\":\"j F Y\",\"nonce\":\"405dc0775b\",\"page_id\":0,\"tracking_id\":\"https:\\\/\\\/olplus.fr\\\/blogs\"}<\/script><\/div>\n\n\n\n<p class=\"wp-block-paragraph\">\u2014\u2014\u2014\u2014\u2014\u2014\u2014\u2014\u2014\u2014\u2014\u2014\u2014\u2014\u2014\u2014\u2014\u2014\u2013<\/p>\n\n\n\n<p class=\"wp-block-paragraph\">Quelle opinion avez-vous de <strong>Jamal ALIOUI<\/strong>, ex-Entra\u00eeneur adjoint de l\u2019OL ?<\/p>\n\n\n<div class=\"yop-poll-container\" data-yop-poll-id=\"359\"><script type=\"application\/json\" data-yop-poll-init>{\"poll\":{\"id\":\"359\",\"name\":\"Staff51#11_Alioui\",\"template\":\"1\",\"template_base\":\"basic\",\"skin_base\":\"orange-def\",\"status\":\"published\",\"meta_data\":{\"style\":{\"poll\":{\"backgroundColor\":\"#ffffff\",\"borderSize\":1,\"borderColor\":\"#000000\",\"borderRadius\":0,\"paddingLeftRight\":0,\"paddingTopBottom\":0,\"borderStyle\":\"solid\"},\"questions\":{\"textColor\":\"#000000\",\"textSize\":16,\"textWeight\":\"normal\",\"textAlign\":\"left\"},\"answers\":{\"paddingLeftRight\":0,\"paddingTopBottom\":0,\"textColor\":\"#000000\",\"textSize\":14,\"textWeight\":\"normal\",\"skin\":\"minimal\",\"colorScheme\":\"black\"},\"buttons\":{\"backgroundColor\":\"#ee7600\",\"borderSize\":0,\"borderColor\":\"#000000\",\"borderRadius\":0,\"paddingLeftRight\":10,\"paddingTopBottom\":5,\"textColor\":\"#ffffff\",\"textSize\":14,\"textWeight\":\"normal\"},\"captcha\":[],\"errors\":{\"borderLeftColorForSuccess\":\"#0000ff\",\"borderLeftColorForError\":\"#ff0000\",\"borderLeftSize\":10,\"paddingTopBottom\":0,\"textColor\":\"#000000\",\"textSize\":14,\"textWeight\":\"normal\"},\"custom\":{\"css\":\"\"}},\"options\":{\"poll\":{\"voteButtonLabel\":\"Vote\",\"showResultsLink\":\"no\",\"resultsLabelText\":\"Results\",\"showTotalVotes\":\"no\",\"showTotalAnswers\":\"no\",\"startDateOption\":\"now\",\"startDateCustom\":\"\",\"endDateOption\":\"custom\",\"endDateCustom\":\"2025-02-02 21:00\",\"redirectAfterVote\":\"no\",\"redirectUrl\":\"\",\"redirectAfter\":\"\",\"pageLink\":\"\",\"useCaptcha\":\"no\",\"enableGdpr\":\"no\",\"gdprSolution\":\"ask_consent\",\"gdprConsentText\":\"\",\"loadWithAjax\":\"no\",\"notificationMessageLocation\":\"top\"},\"results\":{\"showResultsMoment\":[\"after-vote\"],\"customDateResults\":\"\",\"showResultsTo\":[\"guest\"],\"resultsDetails\":[\"votes-number\",\"percentages\"],\"backToVoteOption\":\"no\",\"backToVoteCaption\":\"Back to vote\",\"sortResults\":\"as-defined\",\"sortResultsRule\":\"desc\",\"displayResultsAs\":\"bar\"},\"access\":{\"votePermissions\":[\"guest\"]}}},\"total_submits\":\"104\",\"total_submited_answers\":\"104\"},\"elements\":[{\"id\":\"478\",\"poll_id\":\"359\",\"etext\":\"Quelle opinion avez-vous de Jamal Alioui ?\",\"etype\":\"question-text\",\"status\":\"active\",\"sorder\":\"1\",\"meta_data\":{\"allowOtherAnswers\":\"no\",\"otherAnswersLabel\":\"Other\",\"addOtherAnswers\":\"no\",\"displayOtherAnswersInResults\":\"no\",\"resultsColorForOtherAnswers\":\"#000000\",\"allowMultipleAnswers\":\"no\",\"multipleAnswersMinim\":\"1\",\"multipleAnswersMaxim\":\"1\",\"answersDisplay\":\"vertical\",\"answersColumns\":\"\",\"answersSort\":\"as-defined\"},\"subelements\":[{\"id\":\"12424\",\"poll_id\":\"359\",\"element_id\":\"478\",\"stext\":\"Tr\\u00e8s Bonne\",\"stype\":\"text\",\"status\":\"active\",\"sorder\":\"1\",\"meta_data\":{\"makeDefault\":\"0\",\"makeLink\":\"0\",\"link\":\"\",\"resultsColor\":\"#000000\"},\"total_submits\":\"22\"},{\"id\":\"12425\",\"poll_id\":\"359\",\"element_id\":\"478\",\"stext\":\"Assez Bonne\",\"stype\":\"text\",\"status\":\"active\",\"sorder\":\"2\",\"meta_data\":{\"makeDefault\":\"0\",\"makeLink\":\"0\",\"link\":\"\",\"resultsColor\":\"#000000\"},\"total_submits\":\"47\"},{\"id\":\"12426\",\"poll_id\":\"359\",\"element_id\":\"478\",\"stext\":\"Moyenne, Mitig\\u00e9e\",\"stype\":\"text\",\"status\":\"active\",\"sorder\":\"3\",\"meta_data\":{\"makeDefault\":\"0\",\"makeLink\":\"0\",\"link\":\"\",\"resultsColor\":\"#000000\"},\"total_submits\":\"16\"},{\"id\":\"12427\",\"poll_id\":\"359\",\"element_id\":\"478\",\"stext\":\"Assez Mauvaise\",\"stype\":\"text\",\"status\":\"active\",\"sorder\":\"4\",\"meta_data\":{\"makeDefault\":\"0\",\"makeLink\":\"0\",\"link\":\"\",\"resultsColor\":\"#000000\"},\"total_submits\":\"0\"},{\"id\":\"12428\",\"poll_id\":\"359\",\"element_id\":\"478\",\"stext\":\"Tr\\u00e8s Mauvaise\",\"stype\":\"text\",\"status\":\"active\",\"sorder\":\"5\",\"meta_data\":{\"makeDefault\":\"0\",\"makeLink\":\"0\",\"link\":\"\",\"resultsColor\":\"#000000\"},\"total_submits\":\"2\"},{\"id\":\"12429\",\"poll_id\":\"359\",\"element_id\":\"478\",\"stext\":\"Sans Opinion\",\"stype\":\"text\",\"status\":\"active\",\"sorder\":\"6\",\"meta_data\":{\"makeDefault\":\"0\",\"makeLink\":\"0\",\"link\":\"\",\"resultsColor\":\"#000000\"},\"total_submits\":\"17\"}]}],\"total_submits\":104,\"messages\":{\"voting\":{\"too-many-chars-for-custom-field\":\"Text for {custom_field_name} is too long\"}},\"date_format\":\"j F Y\",\"nonce\":\"42a78e7bff\",\"page_id\":0,\"tracking_id\":\"https:\\\/\\\/olplus.fr\\\/blogs\"}<\/script><\/div>\n\n\n\n<p class=\"wp-block-paragraph\">\u2014\u2014\u2014\u2014\u2014\u2014\u2014\u2014\u2014\u2014\u2014\u2014\u2014\u2014\u2014\u2014\u2014\u2014\u2013<\/p>\n\n\n\n<p class=\"wp-block-paragraph\">Quelle opinion avez-vous de <strong>R\u00e9my VERCOUTRE<\/strong>, ex-Entra\u00eeneur des gardiens de but de l\u2019OL ?<\/p>\n\n\n<div class=\"yop-poll-container\" data-yop-poll-id=\"360\"><script type=\"application\/json\" data-yop-poll-init>{\"poll\":{\"id\":\"360\",\"name\":\"Staff51#12_Vercoutre\",\"template\":\"1\",\"template_base\":\"basic\",\"skin_base\":\"orange-def\",\"status\":\"published\",\"meta_data\":{\"style\":{\"poll\":{\"backgroundColor\":\"#ffffff\",\"borderSize\":1,\"borderColor\":\"#000000\",\"borderRadius\":0,\"paddingLeftRight\":0,\"paddingTopBottom\":0,\"borderStyle\":\"solid\"},\"questions\":{\"textColor\":\"#000000\",\"textSize\":16,\"textWeight\":\"normal\",\"textAlign\":\"left\"},\"answers\":{\"paddingLeftRight\":0,\"paddingTopBottom\":0,\"textColor\":\"#000000\",\"textSize\":14,\"textWeight\":\"normal\",\"skin\":\"minimal\",\"colorScheme\":\"black\"},\"buttons\":{\"backgroundColor\":\"#ee7600\",\"borderSize\":0,\"borderColor\":\"#000000\",\"borderRadius\":0,\"paddingLeftRight\":10,\"paddingTopBottom\":5,\"textColor\":\"#ffffff\",\"textSize\":14,\"textWeight\":\"normal\"},\"captcha\":[],\"errors\":{\"borderLeftColorForSuccess\":\"#0000ff\",\"borderLeftColorForError\":\"#ff0000\",\"borderLeftSize\":10,\"paddingTopBottom\":0,\"textColor\":\"#000000\",\"textSize\":14,\"textWeight\":\"normal\"},\"custom\":{\"css\":\"\"}},\"options\":{\"poll\":{\"voteButtonLabel\":\"Vote\",\"showResultsLink\":\"no\",\"resultsLabelText\":\"Results\",\"showTotalVotes\":\"no\",\"showTotalAnswers\":\"no\",\"startDateOption\":\"now\",\"startDateCustom\":\"\",\"endDateOption\":\"custom\",\"endDateCustom\":\"2025-02-02 21:00\",\"redirectAfterVote\":\"no\",\"redirectUrl\":\"\",\"redirectAfter\":\"\",\"pageLink\":\"\",\"useCaptcha\":\"no\",\"enableGdpr\":\"no\",\"gdprSolution\":\"ask_consent\",\"gdprConsentText\":\"\",\"loadWithAjax\":\"no\",\"notificationMessageLocation\":\"top\"},\"results\":{\"showResultsMoment\":[\"after-vote\"],\"customDateResults\":\"\",\"showResultsTo\":[\"guest\"],\"resultsDetails\":[\"votes-number\",\"percentages\"],\"backToVoteOption\":\"no\",\"backToVoteCaption\":\"Retour\",\"sortResults\":\"as-defined\",\"sortResultsRule\":\"desc\",\"displayResultsAs\":\"bar\"},\"access\":{\"votePermissions\":[\"guest\"]}}},\"total_submits\":\"108\",\"total_submited_answers\":\"108\"},\"elements\":[{\"id\":\"479\",\"poll_id\":\"360\",\"etext\":\"Quelle opinion avez-vous de R\\u00e9my Vercoutre ?\",\"etype\":\"question-text\",\"status\":\"active\",\"sorder\":\"1\",\"meta_data\":{\"allowOtherAnswers\":\"no\",\"otherAnswersLabel\":\"Other\",\"addOtherAnswers\":\"no\",\"displayOtherAnswersInResults\":\"no\",\"resultsColorForOtherAnswers\":\"#000000\",\"allowMultipleAnswers\":\"no\",\"multipleAnswersMinim\":\"1\",\"multipleAnswersMaxim\":\"1\",\"answersDisplay\":\"vertical\",\"answersColumns\":\"3\",\"answersSort\":\"as-defined\"},\"subelements\":[{\"id\":\"12430\",\"poll_id\":\"360\",\"element_id\":\"479\",\"stext\":\"Tr\\u00e8s Bonne\",\"stype\":\"text\",\"status\":\"active\",\"sorder\":\"1\",\"meta_data\":{\"makeDefault\":\"0\",\"makeLink\":\"0\",\"link\":\"\",\"resultsColor\":\"#000000\"},\"total_submits\":\"9\"},{\"id\":\"12431\",\"poll_id\":\"360\",\"element_id\":\"479\",\"stext\":\"Assez Bonne\",\"stype\":\"text\",\"status\":\"active\",\"sorder\":\"2\",\"meta_data\":{\"makeDefault\":\"0\",\"makeLink\":\"0\",\"link\":\"\",\"resultsColor\":\"#000000\"},\"total_submits\":\"23\"},{\"id\":\"12432\",\"poll_id\":\"360\",\"element_id\":\"479\",\"stext\":\"Moyenne, Mitig\\u00e9e\",\"stype\":\"text\",\"status\":\"active\",\"sorder\":\"3\",\"meta_data\":{\"makeDefault\":\"0\",\"makeLink\":\"0\",\"link\":\"\",\"resultsColor\":\"#000000\"},\"total_submits\":\"32\"},{\"id\":\"12433\",\"poll_id\":\"360\",\"element_id\":\"479\",\"stext\":\"Assez Mauvaise\",\"stype\":\"text\",\"status\":\"active\",\"sorder\":\"4\",\"meta_data\":{\"makeDefault\":\"0\",\"makeLink\":\"0\",\"link\":\"\",\"resultsColor\":\"#000000\"},\"total_submits\":\"27\"},{\"id\":\"12434\",\"poll_id\":\"360\",\"element_id\":\"479\",\"stext\":\"Tr\\u00e8s Mauvaise\",\"stype\":\"text\",\"status\":\"active\",\"sorder\":\"5\",\"meta_data\":{\"makeDefault\":\"0\",\"makeLink\":\"0\",\"link\":\"\",\"resultsColor\":\"#000000\"},\"total_submits\":\"14\"},{\"id\":\"12435\",\"poll_id\":\"360\",\"element_id\":\"479\",\"stext\":\"Sans Opinion\",\"stype\":\"text\",\"status\":\"active\",\"sorder\":\"6\",\"meta_data\":{\"makeDefault\":\"0\",\"makeLink\":\"0\",\"link\":\"\",\"resultsColor\":\"#000000\"},\"total_submits\":\"3\"}]}],\"total_submits\":108,\"messages\":{\"voting\":{\"too-many-chars-for-custom-field\":\"Text for {custom_field_name} is too long\"}},\"date_format\":\"j F Y\",\"nonce\":\"1597b716b1\",\"page_id\":0,\"tracking_id\":\"https:\\\/\\\/olplus.fr\\\/blogs\"}<\/script><\/div>\n\n\n\n<p class=\"wp-block-paragraph\"><\/p>\n\n\n\n<p class=\"wp-block-paragraph\">\u2014\u2014\u2014\u2014\u2014\u2014\u2014\u2014\u2014\u2014\u2014\u2014\u2014\u2014\u2014\u2014\u2014\u2014\u2013<\/p>\n\n\n\n<p class=\"wp-block-paragraph\">Merci de votre participation !<\/p>\n","protected":false},"excerpt":{"rendered":"<p>CE SONDAGE EST D\u00c9SORMAIS TERMIN\u00c9. MERCI \u00c0 TOUS CEUX QUI ONT VOT\u00c9. Suite au changement d&rsquo;entra\u00eeneur officialis\u00e9 ce vendredi, nous revenons vers vous pour une r\u00e9actualisation de notre traditionnel Sondage Staff OL. \u00c0 chaud, avant le premier match sous la direction du nouvel entra\u00eeneur, quelle opinion avez-vous des principaux responsables du club et de l\u2019\u00e9quipe &hellip; <\/p>\n<p class=\"link-more\"><a href=\"https:\/\/olplus.fr\/blogs\/?p=2469\" class=\"more-link\">Continuer la lecture<span class=\"screen-reader-text\"> de &laquo;&nbsp;Sondage Staff #51 (janvier 2025)&nbsp;&raquo;<\/span><\/a><\/p>\n","protected":false},"author":2,"featured_media":0,"comment_status":"open","ping_status":"open","sticky":false,"template":"","format":"standard","meta":{"footnotes":""},"categories":[45],"tags":[194,232,233,247,246,245,169,213,190,192,4,46,121,130],"class_list":["post-2469","post","type-post","status-publish","format-standard","hentry","category-sondage-staff","tag-alioui","tag-charier","tag-congre","tag-ferreira-a","tag-ferreira-p","tag-fonseca","tag-louis-jean","tag-maciel","tag-prudhomme","tag-sage","tag-sondage","tag-staffol","tag-textor","tag-vercoutre"],"_links":{"self":[{"href":"https:\/\/olplus.fr\/blogs\/index.php?rest_route=\/wp\/v2\/posts\/2469","targetHints":{"allow":["GET"]}}],"collection":[{"href":"https:\/\/olplus.fr\/blogs\/index.php?rest_route=\/wp\/v2\/posts"}],"about":[{"href":"https:\/\/olplus.fr\/blogs\/index.php?rest_route=\/wp\/v2\/types\/post"}],"author":[{"embeddable":true,"href":"https:\/\/olplus.fr\/blogs\/index.php?rest_route=\/wp\/v2\/users\/2"}],"replies":[{"embeddable":true,"href":"https:\/\/olplus.fr\/blogs\/index.php?rest_route=%2Fwp%2Fv2%2Fcomments&post=2469"}],"version-history":[{"count":8,"href":"https:\/\/olplus.fr\/blogs\/index.php?rest_route=\/wp\/v2\/posts\/2469\/revisions"}],"predecessor-version":[{"id":2487,"href":"https:\/\/olplus.fr\/blogs\/index.php?rest_route=\/wp\/v2\/posts\/2469\/revisions\/2487"}],"wp:attachment":[{"href":"https:\/\/olplus.fr\/blogs\/index.php?rest_route=%2Fwp%2Fv2%2Fmedia&parent=2469"}],"wp:term":[{"taxonomy":"category","embeddable":true,"href":"https:\/\/olplus.fr\/blogs\/index.php?rest_route=%2Fwp%2Fv2%2Fcategories&post=2469"},{"taxonomy":"post_tag","embeddable":true,"href":"https:\/\/olplus.fr\/blogs\/index.php?rest_route=%2Fwp%2Fv2%2Ftags&post=2469"}],"curies":[{"name":"wp","href":"https:\/\/api.w.org\/{rel}","templated":true}]}}