{"id":3719,"date":"2026-09-03T12:13:39","date_gmt":"2026-09-03T10:13:39","guid":{"rendered":"https:\/\/olplus.fr\/blogs\/?p=3719"},"modified":"2026-09-03T12:22:31","modified_gmt":"2026-09-03T10:22:31","slug":"sondage-mercato-ol-2026-2027","status":"publish","type":"post","link":"https:\/\/olplus.fr\/blogs\/?p=3719","title":{"rendered":"Sondage Mercato OL 2026-2027"},"content":{"rendered":"\n<p class=\"wp-block-paragraph\">Le mercato est d\u00e9sormais officiellement termin\u00e9 chez nous (m\u00eame si on attend encore quelques d\u00e9parts de joueurs \u00e0 l&rsquo;\u00e9tranger ?). <br>Il est bien s\u00fbr trop t\u00f4t pour juger ce que cela donnera sur le terrain \u00e0 long terme, mais au jour d\u2019aujourd\u2019hui, au surlendemain de la cl\u00f4ture des transferts en France, quelle opinion \u2018\u00e0 chaud\u2019 avez-vous du mercato r\u00e9alis\u00e9 par l\u2019OL cet \u00e9t\u00e9 ?<\/p>\n\n\n\n<p class=\"wp-block-paragraph\">C\u2019est la 19\u00e8me ann\u00e9e cons\u00e9cutive que nous organisons ce sondage sur OL+. Il sera donc int\u00e9ressant de comparer les r\u00e9sultats avec ceux des pr\u00e9c\u00e9dents mercatos (depuis 2008-2009).<\/p>\n\n\n\n<p class=\"wp-block-paragraph\">Merci de votre participation.<\/p>\n\n\n\n<hr class=\"wp-block-separator has-alpha-channel-opacity\"\/>\n\n\n\n<p class=\"wp-block-paragraph\">Au jour d\u2019aujourd\u2019hui, quelle opinion avez-vous du mercato r\u00e9alis\u00e9 par l\u2019OL ?<\/p>\n\n\n<div class=\"yop-poll-container\" data-yop-poll-id=\"492\"><script type=\"application\/json\" data-yop-poll-init>{\"poll\":{\"id\":\"492\",\"name\":\"Sondage Mercato 2026-2027\",\"template\":\"1\",\"template_base\":\"basic\",\"skin_base\":\"orange-def\",\"status\":\"published\",\"meta_data\":{\"style\":{\"poll\":{\"backgroundColor\":\"#ffffff\",\"borderSize\":1,\"borderColor\":\"#000000\",\"borderRadius\":0,\"paddingLeftRight\":0,\"paddingTopBottom\":0,\"borderStyle\":\"solid\"},\"questions\":{\"textColor\":\"#000000\",\"textSize\":16,\"textWeight\":\"normal\",\"textAlign\":\"left\"},\"answers\":{\"paddingLeftRight\":0,\"paddingTopBottom\":0,\"textColor\":\"#000000\",\"textSize\":14,\"textWeight\":\"normal\",\"skin\":\"minimal\",\"colorScheme\":\"black\"},\"buttons\":{\"backgroundColor\":\"#ee7600\",\"borderSize\":0,\"borderColor\":\"#000000\",\"borderRadius\":0,\"paddingLeftRight\":10,\"paddingTopBottom\":5,\"textColor\":\"#ffffff\",\"textSize\":14,\"textWeight\":\"normal\"},\"captcha\":[],\"errors\":{\"borderLeftColorForSuccess\":\"#0000ff\",\"borderLeftColorForError\":\"#ff0000\",\"borderLeftSize\":10,\"paddingTopBottom\":0,\"textColor\":\"#000000\",\"textSize\":14,\"textWeight\":\"normal\"},\"custom\":{\"css\":\"\"}},\"options\":{\"poll\":{\"voteButtonLabel\":\"Vote\",\"showResultsLink\":\"no\",\"resultsLabelText\":\"Results\",\"showTotalVotes\":\"no\",\"showTotalAnswers\":\"no\",\"startDateOption\":\"now\",\"startDateCustom\":\"\",\"endDateOption\":\"never\",\"endDateCustom\":\"2025-09-10 07:00\",\"redirectAfterVote\":\"no\",\"redirectUrl\":\"\",\"redirectAfter\":\"\",\"pageLink\":\"\",\"useCaptcha\":\"no\",\"enableGdpr\":\"no\",\"gdprSolution\":\"ask_consent\",\"gdprConsentText\":\"\",\"loadWithAjax\":\"no\",\"notificationMessageLocation\":\"top\"},\"results\":{\"showResultsMoment\":[\"after-vote\"],\"customDateResults\":\"\",\"showResultsTo\":[\"guest\"],\"resultsDetails\":[\"votes-number\",\"percentages\"],\"backToVoteOption\":\"no\",\"backToVoteCaption\":\"Retour\",\"sortResults\":\"as-defined\",\"sortResultsRule\":\"desc\",\"displayResultsAs\":\"bar\"},\"access\":{\"votePermissions\":[\"guest\"]}}}},\"elements\":[{\"id\":\"626\",\"poll_id\":\"492\",\"etext\":\"Quelle opinion avez-vous du mercato r\\u00e9alis\\u00e9 par l'OL cette saison ?\",\"etype\":\"question-text\",\"status\":\"active\",\"sorder\":\"0\",\"meta_data\":{\"makeRequired\":\"yes\",\"allowMultipleAnswers\":\"no\",\"allowOtherAnswers\":\"no\",\"answersDisplay\":\"vertical\",\"answersColumns\":\"3\",\"answersAlign\":\"left\",\"answersSort\":\"as-defined\",\"multipleAnswersMinim\":\"1\",\"multipleAnswersMaxim\":\"1\",\"otherAnswersLabel\":\"Other\",\"otherAnswersCount\":1,\"otherFieldType\":\"single-line\",\"otherFieldSize\":\"small\",\"otherMaxCharsAllowed\":\"0\",\"addOtherAnswers\":\"no\",\"displayOtherAnswersInResults\":\"no\",\"resultsColorForOtherAnswers\":\"#000000\"},\"subelements\":[{\"id\":\"20585\",\"poll_id\":\"492\",\"element_id\":\"626\",\"stext\":\"Tr\\u00e8s Bonne\",\"stype\":\"text\",\"status\":\"active\",\"sorder\":\"0\",\"meta_data\":{\"makeDefault\":\"0\",\"makeLink\":\"0\",\"link\":\"\",\"resultsColor\":\"#000000\"}},{\"id\":\"20586\",\"poll_id\":\"492\",\"element_id\":\"626\",\"stext\":\"Assez Bonne\",\"stype\":\"text\",\"status\":\"active\",\"sorder\":\"1\",\"meta_data\":{\"makeDefault\":\"0\",\"makeLink\":\"0\",\"link\":\"\",\"resultsColor\":\"#000000\"}},{\"id\":\"20587\",\"poll_id\":\"492\",\"element_id\":\"626\",\"stext\":\"Moyenne, Mitig\\u00e9e\",\"stype\":\"text\",\"status\":\"active\",\"sorder\":\"2\",\"meta_data\":{\"makeDefault\":\"0\",\"makeLink\":\"0\",\"link\":\"\",\"resultsColor\":\"#000000\"}},{\"id\":\"20588\",\"poll_id\":\"492\",\"element_id\":\"626\",\"stext\":\"Assez Mauvaise\",\"stype\":\"text\",\"status\":\"active\",\"sorder\":\"3\",\"meta_data\":{\"makeDefault\":\"0\",\"makeLink\":\"0\",\"link\":\"\",\"resultsColor\":\"#000000\"}},{\"id\":\"20589\",\"poll_id\":\"492\",\"element_id\":\"626\",\"stext\":\"Tr\\u00e8s Mauvaise\",\"stype\":\"text\",\"status\":\"active\",\"sorder\":\"4\",\"meta_data\":{\"makeDefault\":\"0\",\"makeLink\":\"0\",\"link\":\"\",\"resultsColor\":\"#000000\"}},{\"id\":\"20590\",\"poll_id\":\"492\",\"element_id\":\"626\",\"stext\":\"Sans Opinion\",\"stype\":\"text\",\"status\":\"active\",\"sorder\":\"5\",\"meta_data\":{\"makeDefault\":\"0\",\"makeLink\":\"0\",\"link\":\"\",\"resultsColor\":\"#000000\"}}]}],\"messages\":{\"voting\":{\"too-many-chars-for-custom-field\":\"Text for {custom_field_name} is too long\"}},\"date_format\":\"j F Y\",\"nonce\":\"49ca6d44f7\",\"page_id\":0,\"tracking_id\":\"https:\\\/\\\/olplus.fr\\\/blogs\"}<\/script><\/div>\n","protected":false},"excerpt":{"rendered":"<p>Le mercato est d\u00e9sormais officiellement termin\u00e9 chez nous (m\u00eame si on attend encore quelques d\u00e9parts de joueurs \u00e0 l&rsquo;\u00e9tranger ?). Il est bien s\u00fbr trop t\u00f4t pour juger ce que cela donnera sur le terrain \u00e0 long terme, mais au jour d\u2019aujourd\u2019hui, au surlendemain de la cl\u00f4ture des transferts en France, quelle opinion \u2018\u00e0 chaud\u2019 &hellip; <\/p>\n<p class=\"link-more\"><a href=\"https:\/\/olplus.fr\/blogs\/?p=3719\" class=\"more-link\">Continuer la lecture<span class=\"screen-reader-text\"> de &laquo;&nbsp;Sondage Mercato OL 2026-2027&nbsp;&raquo;<\/span><\/a><\/p>\n","protected":false},"author":2,"featured_media":0,"comment_status":"open","ping_status":"open","sticky":false,"template":"","format":"standard","meta":{"footnotes":""},"categories":[54],"tags":[312,55,4],"class_list":["post-3719","post","type-post","status-publish","format-standard","hentry","category-sondage-mercato","tag-2026-2027","tag-mercato","tag-sondage"],"_links":{"self":[{"href":"https:\/\/olplus.fr\/blogs\/index.php?rest_route=\/wp\/v2\/posts\/3719","targetHints":{"allow":["GET"]}}],"collection":[{"href":"https:\/\/olplus.fr\/blogs\/index.php?rest_route=\/wp\/v2\/posts"}],"about":[{"href":"https:\/\/olplus.fr\/blogs\/index.php?rest_route=\/wp\/v2\/types\/post"}],"author":[{"embeddable":true,"href":"https:\/\/olplus.fr\/blogs\/index.php?rest_route=\/wp\/v2\/users\/2"}],"replies":[{"embeddable":true,"href":"https:\/\/olplus.fr\/blogs\/index.php?rest_route=%2Fwp%2Fv2%2Fcomments&post=3719"}],"version-history":[{"count":4,"href":"https:\/\/olplus.fr\/blogs\/index.php?rest_route=\/wp\/v2\/posts\/3719\/revisions"}],"predecessor-version":[{"id":3723,"href":"https:\/\/olplus.fr\/blogs\/index.php?rest_route=\/wp\/v2\/posts\/3719\/revisions\/3723"}],"wp:attachment":[{"href":"https:\/\/olplus.fr\/blogs\/index.php?rest_route=%2Fwp%2Fv2%2Fmedia&parent=3719"}],"wp:term":[{"taxonomy":"category","embeddable":true,"href":"https:\/\/olplus.fr\/blogs\/index.php?rest_route=%2Fwp%2Fv2%2Fcategories&post=3719"},{"taxonomy":"post_tag","embeddable":true,"href":"https:\/\/olplus.fr\/blogs\/index.php?rest_route=%2Fwp%2Fv2%2Ftags&post=3719"}],"curies":[{"name":"wp","href":"https:\/\/api.w.org\/{rel}","templated":true}]}}